{"id":19118,"date":"2022-07-13T11:15:00","date_gmt":"2022-07-13T10:15:00","guid":{"rendered":"https:\/\/maeshoney.com\/abejas-en-verano\/"},"modified":"2022-07-20T13:07:09","modified_gmt":"2022-07-20T12:07:09","slug":"abelhas-no-verao","status":"publish","type":"post","link":"https:\/\/maeshoney.com\/pt-pt\/abelhas-no-verao\/","title":{"rendered":"Abelhas no Ver\u00e3o, dicas para a protec\u00e7\u00e3o do mel"},"content":{"rendered":"\n<p>As abelhas sofrem muito no Ver\u00e3o, e o mel \u00e9 afectado pelas altas temperaturas? A verdade \u00e9 que quando o Ver\u00e3o chega e o sol est\u00e1 alto, as abelhas sofrem porque as altas temperaturas s\u00e3o um problema para elas.<\/p>\n\n\n\n<p>As abelhas s\u00e3o tamb\u00e9m afectadas pelo calor, pelo que os apicultores utilizam medidas para as manter saud\u00e1veis durante os meses em que as temperaturas s\u00e3o elevadas.<\/p>\n\n\n\n<p>No que diz respeito ao mel, as altas temperaturas que podem ocorrer na colmeia n\u00e3o influenciam nem prejudicam a qualidade do mel obtido. Neste caso, s\u00e3o as abelhas que mais sofrem com o calor no Ver\u00e3o.<\/p>\n\n\n\n<h2 class=\"wp-block-heading\">\u00cdndice<\/h2>\n\n\n\n<ol class=\"wp-block-list\"><li><a href=\"#abelhas-verao-cuidados\" target=\"_blank\" rel=\"noreferrer noopener\">Abelhas no Ver\u00e3o e cuidados especiais<\/a><\/li><li><a href=\"#curiosidades-abelhas\" target=\"_blank\" rel=\"noreferrer noopener\">Curiosidades das abelhas no Ver\u00e3o<\/a><\/li><li><a href=\"#dicas-como-cuidar-do-mes\" target=\"_blank\" rel=\"noreferrer noopener\">Dicas sobre como cuidar do mel no Ver\u00e3o<\/a><\/li><\/ol>\n\n\n\n<figure class=\"wp-block-image size-full\"><img fetchpriority=\"high\" decoding=\"async\" width=\"1080\" height=\"600\" src=\"https:\/\/maeshoney.com\/wp-content\/uploads\/2021\/07\/Copia-de-Sin-titulo-15-1.jpg\" alt=\"Abelhas no ver\u00e3o\" class=\"wp-image-13781\" srcset=\"https:\/\/maeshoney.com\/wp-content\/uploads\/2021\/07\/Copia-de-Sin-titulo-15-1.jpg 1080w, https:\/\/maeshoney.com\/wp-content\/uploads\/2021\/07\/Copia-de-Sin-titulo-15-1-300x167.jpg 300w, https:\/\/maeshoney.com\/wp-content\/uploads\/2021\/07\/Copia-de-Sin-titulo-15-1-1024x569.jpg 1024w, https:\/\/maeshoney.com\/wp-content\/uploads\/2021\/07\/Copia-de-Sin-titulo-15-1-768x427.jpg 768w, https:\/\/maeshoney.com\/wp-content\/uploads\/2021\/07\/Copia-de-Sin-titulo-15-1-370x206.jpg 370w, https:\/\/maeshoney.com\/wp-content\/uploads\/2021\/07\/Copia-de-Sin-titulo-15-1-840x467.jpg 840w, https:\/\/maeshoney.com\/wp-content\/uploads\/2021\/07\/Copia-de-Sin-titulo-15-1-410x228.jpg 410w\" sizes=\"(max-width: 1080px) 100vw, 1080px\" \/><\/figure>\n\n\n\n<h2 class=\"wp-block-heading\" id=\"abelhas-verao-cuidados\">Abelhas no Ver\u00e3o e cuidados especiais<\/h2>\n\n\n\n<p>As abelhas, como qualquer outro ser vivo, t\u00eam uma temperatura \u00f3ptima \u00e0 qual se saem melhor. Se estiverem demasiado acima ou abaixo da m\u00e9dia, a sua sobreviv\u00eancia est\u00e1 amea\u00e7ada, o que pode afectar negativamente a esp\u00e9cie.<\/p>\n\n\n\n<p>Por conseguinte, os apicultores t\u00eam a responsabilidade de colocar as colmeias em zonas sombreadas para evitar que as colmeias estejam demasiado quentes. Na maioria dos casos, a \u00e1rvore \u00e9 um grande recurso, e \u00e9 utilizada como abrigo para as colmeias.<\/p>\n\n\n\n<p>A hidrata\u00e7\u00e3o das abelhas \u00e9 tamb\u00e9m muito importante, uma vez que o abastecimento de \u00e1gua \u00e9 essencial, pois com temperaturas t\u00e3o elevadas, as abelhas n\u00e3o conseguiriam sobreviver.<\/p>\n\n\n\n<h2 class=\"wp-block-heading\" id=\"curiosidades-abelhas\">Curiosidades das abelhas no Ver\u00e3o<\/h2>\n\n\n\n<p>As abelhas tamb\u00e9m n\u00e3o acham f\u00e1cil vencer o calor. Como \u00e9 que o fazem? Muito simplesmente, as abelhas recolhem gotas de \u00e1gua e trazem-nas de volta para a colmeia. Desta forma, a \u00e1gua \u00e9 convertida num estado gasoso e a temperatura \u00e9 baixada.<\/p>\n\n\n\n<figure class=\"wp-block-image size-full\"><img decoding=\"async\" width=\"1080\" height=\"600\" src=\"https:\/\/maeshoney.com\/wp-content\/uploads\/2021\/07\/Copia-de-Sin-titulo-14.jpg\" alt=\"Abelhas no ver\u00e3o\" class=\"wp-image-13784\" srcset=\"https:\/\/maeshoney.com\/wp-content\/uploads\/2021\/07\/Copia-de-Sin-titulo-14.jpg 1080w, https:\/\/maeshoney.com\/wp-content\/uploads\/2021\/07\/Copia-de-Sin-titulo-14-300x167.jpg 300w, https:\/\/maeshoney.com\/wp-content\/uploads\/2021\/07\/Copia-de-Sin-titulo-14-1024x569.jpg 1024w, https:\/\/maeshoney.com\/wp-content\/uploads\/2021\/07\/Copia-de-Sin-titulo-14-768x427.jpg 768w, https:\/\/maeshoney.com\/wp-content\/uploads\/2021\/07\/Copia-de-Sin-titulo-14-370x206.jpg 370w, https:\/\/maeshoney.com\/wp-content\/uploads\/2021\/07\/Copia-de-Sin-titulo-14-840x467.jpg 840w, https:\/\/maeshoney.com\/wp-content\/uploads\/2021\/07\/Copia-de-Sin-titulo-14-410x228.jpg 410w\" sizes=\"(max-width: 1080px) 100vw, 1080px\" \/><\/figure>\n\n\n\n<h3 class=\"wp-block-heading\">Ventila\u00e7\u00e3o da colmeia e do calor<\/h3>\n\n\n\n<p>Embora possa variar de acordo com a esp\u00e9cie, \u00e9 certo que os ninhos de cria\u00e7\u00e3o das colmeias devem ser mantidos a uma temperatura m\u00e9dia entre 34\u00ba e 38\u00ba. O mesmo se aplica \u00e0 humidade, que \u00e9 normalmente de cerca de 80% dentro da colmeia.<\/p>\n\n\n\n<p>As abelhas t\u00eam sensores de temperatura incr\u00edveis: as suas antenas. Assim, quando as abelhas notam um aumento da temperatura, saem da colmeia e come\u00e7am a mover as suas asas para a ventilar. Assim, em tempos de calor intenso, as abelhas podem passar uma noite inteira a ventilar a colmeia.<\/p>\n\n\n\n<p>O arrefecimento da colmeia \u00e9 essencial para assegurar a sobreviv\u00eancia da col\u00f3nia, que pode ser perdida se n\u00e3o o fizer.<\/p>\n\n\n\n<p>Uma colmeia exposta ao sol em locais quentes e mal ventilados n\u00e3o pode funcionar normalmente, e as abelhas acabar\u00e3o por sofrer de stress e fraqueza.<\/p>\n\n\n\n<h3 class=\"wp-block-heading\">Falta de \u00e1gua na colmeia devido ao calor<\/h3>\n\n\n\n<p>A \u00e1gua \u00e9 essencial para assegurar a sobreviv\u00eancia das abelhas, especialmente em tempos de calor excessivo. \u00c9 essencial para assegurar a sobreviv\u00eancia.<\/p>\n\n\n\n<p>Como mencionado acima, gra\u00e7as \u00e0s suas antenas, as abelhas notam o aumento da temperatura no interior da colmeia. Face a esta subida, as abelhas saem e recolhem gotas de \u00e1gua que depois depositam dentro da colmeia, baixando assim a temperatura.<\/p>\n\n\n\n<p>No entanto, quando isto n\u00e3o \u00e9 suficiente para baixar a temperatura, as abelhas saem para o exterior e mudam-se para a sombra debaixo da colmeia, reduzindo assim o n\u00famero de indiv\u00edduos dentro da colmeia e baixando a temperatura.<\/p>\n\n\n\n<figure class=\"wp-block-image size-full\"><img decoding=\"async\" width=\"1080\" height=\"600\" src=\"https:\/\/maeshoney.com\/wp-content\/uploads\/2022\/07\/abejas-en-verano.jpg\" alt=\"Abelhas no ver\u00e3o\" class=\"wp-image-19069\" srcset=\"https:\/\/maeshoney.com\/wp-content\/uploads\/2022\/07\/abejas-en-verano.jpg 1080w, https:\/\/maeshoney.com\/wp-content\/uploads\/2022\/07\/abejas-en-verano-300x167.jpg 300w, https:\/\/maeshoney.com\/wp-content\/uploads\/2022\/07\/abejas-en-verano-1024x569.jpg 1024w, https:\/\/maeshoney.com\/wp-content\/uploads\/2022\/07\/abejas-en-verano-768x427.jpg 768w, https:\/\/maeshoney.com\/wp-content\/uploads\/2022\/07\/abejas-en-verano-370x206.jpg 370w, https:\/\/maeshoney.com\/wp-content\/uploads\/2022\/07\/abejas-en-verano-840x467.jpg 840w, https:\/\/maeshoney.com\/wp-content\/uploads\/2022\/07\/abejas-en-verano-410x228.jpg 410w\" sizes=\"(max-width: 1080px) 100vw, 1080px\" \/><\/figure>\n\n\n\n<h3 class=\"wp-block-heading\">Diminui\u00e7\u00e3o da fertilidade da abelha-mestra<\/h3>\n\n\n\n<p>A temperatura \u00f3ptima para a reprodu\u00e7\u00e3o das abelhas rainhas situa-se entre 15\u00b0 e 38\u00b0C. Quanto mais alta for a temperatura, menor \u00e9 a probabilidade de os espermatoz\u00f3ides das abelhas zang\u00e3o se reproduzirem. Quanto mais alta for a temperatura, menor \u00e9 a probabilidade de os espermatoz\u00f3ides dos zang\u00f5es se reproduzirem. Por esta raz\u00e3o, parece que as altera\u00e7\u00f5es clim\u00e1ticas podem afectar seriamente a cria\u00e7\u00e3o de abelhas.<\/p>\n\n\n\n<p>As abelhas s\u00e3o as que mais sofrem com o calor com as altas temperaturas no Ver\u00e3o, mas ser\u00e1 que o mel tamb\u00e9m sofre, ser\u00e1 que perde o seu sabor, e como podemos evitar que perca as suas propriedades e benef\u00edcios?<\/p>\n\n\n\n<h2 class=\"wp-block-heading\" id=\"dicas-como-cuidar-do-mes\">Dicas sobre como cuidar do mel no Ver\u00e3o<\/h2>\n\n\n\n<p>Eis uma s\u00e9rie de dicas que o podem ajudar a preservar o mel da melhor forma poss\u00edvel, evitando assim que ele perca as suas incr\u00edveis propriedades<\/p>\n\n\n\n<h3 class=\"wp-block-heading\">Guarde-o \u00e0 temperatura certa.<\/h3>\n\n\n\n<p>O mel n\u00e3o deve ser refrigerado, nem deve ser armazenado perto de um fog\u00e3o ou frigor\u00edfico, pois pode sofrer altera\u00e7\u00f5es de temperatura diferentes, que afectam a qualidade do mel. Acima de tudo, o mel n\u00e3o deve ser exposto \u00e0 luz directa do sol.<\/p>\n\n\n\n<figure class=\"wp-block-image size-full\"><img loading=\"lazy\" decoding=\"async\" width=\"1080\" height=\"600\" src=\"https:\/\/maeshoney.com\/wp-content\/uploads\/2021\/07\/Copia-de-Sin-titulo-13.jpg\" alt=\"Abelhas no ver\u00e3o\" class=\"wp-image-13788\" srcset=\"https:\/\/maeshoney.com\/wp-content\/uploads\/2021\/07\/Copia-de-Sin-titulo-13.jpg 1080w, https:\/\/maeshoney.com\/wp-content\/uploads\/2021\/07\/Copia-de-Sin-titulo-13-300x167.jpg 300w, https:\/\/maeshoney.com\/wp-content\/uploads\/2021\/07\/Copia-de-Sin-titulo-13-1024x569.jpg 1024w, https:\/\/maeshoney.com\/wp-content\/uploads\/2021\/07\/Copia-de-Sin-titulo-13-768x427.jpg 768w, https:\/\/maeshoney.com\/wp-content\/uploads\/2021\/07\/Copia-de-Sin-titulo-13-370x206.jpg 370w, https:\/\/maeshoney.com\/wp-content\/uploads\/2021\/07\/Copia-de-Sin-titulo-13-840x467.jpg 840w, https:\/\/maeshoney.com\/wp-content\/uploads\/2021\/07\/Copia-de-Sin-titulo-13-410x228.jpg 410w\" sizes=\"(max-width: 1080px) 100vw, 1080px\" \/><\/figure>\n\n\n\n<h3 class=\"wp-block-heading\">O mel em casa e as abelhas.<\/h3>\n\n\n\n<p>As mudan\u00e7as de temperatura podem ser muito prejudiciais ao mel, alterando a sua cor, textura e sabor. Se a temperatura ambiente for alta, tente deixar o mel num local sombreado que n\u00e3o esteja fechado.<\/p>\n\n\n\n<p>\u00c9 importante armazenar o mel adequadamente, pelo que armazen\u00e1-lo numa \u00e1rea climatizada da casa pode ser a melhor op\u00e7\u00e3o.<\/p>\n\n\n\n<h3 class=\"wp-block-heading\">O mel n\u00e3o deve perder o seu sabor<\/h3>\n\n\n\n<p>\u00c9 importante que o oxig\u00e9nio s\u00f3 o toque quando se vai utilizar, caso contr\u00e1rio o seu sabor perder\u00e1 a sua pot\u00eancia.<\/p>\n\n\n\n<p>O mel \u00e9 um alimento que tem propriedades muito ben\u00e9ficas e \u00e9 um produto completamente natural. \u00c9 muito bom, a sua composi\u00e7\u00e3o fala por si, composta por:<\/p>\n\n\n\n<ul class=\"wp-block-list\"><li>Minerais<\/li><li>S\u00f3dio<\/li><li>Pot\u00e1ssio<\/li><li>Magn\u00e9sio<\/li><li>C\u00e1lcio<\/li><li>Ferro de engomar<\/li><li>Mangan\u00eas<\/li><li>Cobre<\/li><li>F\u00f3sforo<\/li><li>Zinco<\/li><li>Sel\u00e9nio<\/li><li>Vitaminas A, C e vitaminas do complexo B<\/li><\/ul>\n\n\n\n<p><br>Se o mel faz parte da sua dieta, temos a certeza de que j\u00e1 conhece muitas das suas propriedades e que \u00e9 essencial preserv\u00e1-lo bem, especialmente a altas temperaturas.<\/p>\n\n\n\n<p>Pode tamb\u00e9m estar interessado em:<\/p>\n\n\n\n<ul class=\"wp-block-list\"><li><a href=\"https:\/\/maeshoney.com\/miel-variedades\/\"><\/a><a href=\"https:\/\/maeshoney.com\/pt-pt\/principal-exportador-de-mel\/\" target=\"_blank\" rel=\"noreferrer noopener\">Maes Honey: principal exportador de mel<\/a><\/li><li><a href=\"https:\/\/maeshoney.com\/pt-pt\/o-que-e-apicultura\/\" target=\"_blank\" rel=\"noreferrer noopener\">O que \u00e9 apicultura?<\/a><\/li><\/ul>\n\n\n\n<p><\/p>\n","protected":false},"excerpt":{"rendered":"<p>As abelhas sofrem muito no Ver\u00e3o, e o mel \u00e9 afectado pelas altas temperaturas? A verdade \u00e9 que quando o Ver\u00e3o chega e o sol est\u00e1 alto, as abelhas sofrem&hellip;<\/p>\n","protected":false},"author":20,"featured_media":16851,"comment_status":"closed","ping_status":"open","sticky":false,"template":"","format":"standard","meta":{"_acf_changed":false,"footnotes":""},"categories":[595],"tags":[596,597],"class_list":["post-19118","post","type-post","status-publish","format-standard","has-post-thumbnail","hentry","category-curiosidades-pt-pt","tag-abejas-pt-pt","tag-abejas-en-verano-pt-pt"],"acf":[],"yoast_head":"<!-- This site is optimized with the Yoast SEO plugin v27.1.1 - https:\/\/yoast.com\/product\/yoast-seo-wordpress\/ -->\n<title>Abelhas no Ver\u00e3o, dicas para a protec\u00e7\u00e3o do mel - MAES HONEY<\/title>\n<meta name=\"description\" content=\"As abelhas e o mel tamb\u00e9m sofrem com o calor do Ver\u00e3o, uma vez que o clima \u00e9 tamb\u00e9m um problema para a colmeia.\" \/>\n<meta name=\"robots\" content=\"index, follow, max-snippet:-1, max-image-preview:large, max-video-preview:-1\" \/>\n<link rel=\"canonical\" href=\"https:\/\/maeshoney.com\/pt-pt\/abelhas-no-verao\/\" \/>\n<meta property=\"og:locale\" content=\"pt_PT\" \/>\n<meta property=\"og:type\" content=\"article\" \/>\n<meta property=\"og:title\" content=\"Abelhas no Ver\u00e3o, dicas para a protec\u00e7\u00e3o do mel - MAES HONEY\" \/>\n<meta property=\"og:description\" content=\"As abelhas e o mel tamb\u00e9m sofrem com o calor do Ver\u00e3o, uma vez que o clima \u00e9 tamb\u00e9m um problema para a colmeia.\" \/>\n<meta property=\"og:url\" content=\"https:\/\/maeshoney.com\/pt-pt\/abelhas-no-verao\/\" \/>\n<meta property=\"og:site_name\" content=\"MAES HONEY\" \/>\n<meta property=\"article:published_time\" content=\"2022-07-13T10:15:00+00:00\" \/>\n<meta property=\"article:modified_time\" content=\"2022-07-20T12:07:09+00:00\" \/>\n<meta property=\"og:image\" content=\"https:\/\/maeshoney.com\/wp-content\/uploads\/2021\/07\/abejas-en-verano.jpg\" \/>\n\t<meta property=\"og:image:width\" content=\"1080\" \/>\n\t<meta property=\"og:image:height\" content=\"600\" \/>\n\t<meta property=\"og:image:type\" content=\"image\/jpeg\" \/>\n<meta name=\"author\" content=\"Maes Honey\" \/>\n<meta name=\"twitter:card\" content=\"summary_large_image\" \/>\n<meta name=\"twitter:label1\" content=\"Escrito por\" \/>\n\t<meta name=\"twitter:data1\" content=\"Maes Honey\" \/>\n\t<meta name=\"twitter:label2\" content=\"Tempo estimado de leitura\" \/>\n\t<meta name=\"twitter:data2\" content=\"5 minutos\" \/>\n<script type=\"application\/ld+json\" class=\"yoast-schema-graph\">{\"@context\":\"https:\/\/schema.org\",\"@graph\":[{\"@type\":\"Article\",\"@id\":\"https:\/\/maeshoney.com\/pt-pt\/abelhas-no-verao\/#article\",\"isPartOf\":{\"@id\":\"https:\/\/maeshoney.com\/pt-pt\/abelhas-no-verao\/\"},\"author\":{\"name\":\"Maes Honey\",\"@id\":\"https:\/\/maeshoney.com\/#\/schema\/person\/5cf874002647ce98247633bceaf1641d\"},\"headline\":\"Abelhas no Ver\u00e3o, dicas para a protec\u00e7\u00e3o do mel\",\"datePublished\":\"2022-07-13T10:15:00+00:00\",\"dateModified\":\"2022-07-20T12:07:09+00:00\",\"mainEntityOfPage\":{\"@id\":\"https:\/\/maeshoney.com\/pt-pt\/abelhas-no-verao\/\"},\"wordCount\":968,\"publisher\":{\"@id\":\"https:\/\/maeshoney.com\/#organization\"},\"image\":{\"@id\":\"https:\/\/maeshoney.com\/pt-pt\/abelhas-no-verao\/#primaryimage\"},\"thumbnailUrl\":\"https:\/\/maeshoney.com\/wp-content\/uploads\/2021\/07\/abejas-en-verano.jpg\",\"keywords\":[\"abejas\",\"Abejas en verano\"],\"articleSection\":[\"Curiosidades\"],\"inLanguage\":\"pt-PT\"},{\"@type\":\"WebPage\",\"@id\":\"https:\/\/maeshoney.com\/pt-pt\/abelhas-no-verao\/\",\"url\":\"https:\/\/maeshoney.com\/pt-pt\/abelhas-no-verao\/\",\"name\":\"Abelhas no Ver\u00e3o, dicas para a protec\u00e7\u00e3o do mel - MAES HONEY\",\"isPartOf\":{\"@id\":\"https:\/\/maeshoney.com\/#website\"},\"primaryImageOfPage\":{\"@id\":\"https:\/\/maeshoney.com\/pt-pt\/abelhas-no-verao\/#primaryimage\"},\"image\":{\"@id\":\"https:\/\/maeshoney.com\/pt-pt\/abelhas-no-verao\/#primaryimage\"},\"thumbnailUrl\":\"https:\/\/maeshoney.com\/wp-content\/uploads\/2021\/07\/abejas-en-verano.jpg\",\"datePublished\":\"2022-07-13T10:15:00+00:00\",\"dateModified\":\"2022-07-20T12:07:09+00:00\",\"description\":\"As abelhas e o mel tamb\u00e9m sofrem com o calor do Ver\u00e3o, uma vez que o clima \u00e9 tamb\u00e9m um problema para a colmeia.\",\"breadcrumb\":{\"@id\":\"https:\/\/maeshoney.com\/pt-pt\/abelhas-no-verao\/#breadcrumb\"},\"inLanguage\":\"pt-PT\",\"potentialAction\":[{\"@type\":\"ReadAction\",\"target\":[\"https:\/\/maeshoney.com\/pt-pt\/abelhas-no-verao\/\"]}]},{\"@type\":\"ImageObject\",\"inLanguage\":\"pt-PT\",\"@id\":\"https:\/\/maeshoney.com\/pt-pt\/abelhas-no-verao\/#primaryimage\",\"url\":\"https:\/\/maeshoney.com\/wp-content\/uploads\/2021\/07\/abejas-en-verano.jpg\",\"contentUrl\":\"https:\/\/maeshoney.com\/wp-content\/uploads\/2021\/07\/abejas-en-verano.jpg\",\"width\":1080,\"height\":600},{\"@type\":\"BreadcrumbList\",\"@id\":\"https:\/\/maeshoney.com\/pt-pt\/abelhas-no-verao\/#breadcrumb\",\"itemListElement\":[{\"@type\":\"ListItem\",\"position\":1,\"name\":\"Portada\",\"item\":\"https:\/\/maeshoney.com\/pt-pt\/\"},{\"@type\":\"ListItem\",\"position\":2,\"name\":\"Abelhas no Ver\u00e3o, dicas para a protec\u00e7\u00e3o do mel\"}]},{\"@type\":\"WebSite\",\"@id\":\"https:\/\/maeshoney.com\/#website\",\"url\":\"https:\/\/maeshoney.com\/\",\"name\":\"MAES HONEY\",\"description\":\"En Maes Honey somos l\u00edderes en la exportaci\u00f3n de miel en Espa\u00f1a. Contamos con una gran capacidad de producci\u00f3n de miel anual.\",\"publisher\":{\"@id\":\"https:\/\/maeshoney.com\/#organization\"},\"potentialAction\":[{\"@type\":\"SearchAction\",\"target\":{\"@type\":\"EntryPoint\",\"urlTemplate\":\"https:\/\/maeshoney.com\/?s={search_term_string}\"},\"query-input\":{\"@type\":\"PropertyValueSpecification\",\"valueRequired\":true,\"valueName\":\"search_term_string\"}}],\"inLanguage\":\"pt-PT\"},{\"@type\":\"Organization\",\"@id\":\"https:\/\/maeshoney.com\/#organization\",\"name\":\"MAES HONEY\",\"url\":\"https:\/\/maeshoney.com\/\",\"logo\":{\"@type\":\"ImageObject\",\"inLanguage\":\"pt-PT\",\"@id\":\"https:\/\/maeshoney.com\/#\/schema\/logo\/image\/\",\"url\":\"https:\/\/maeshoney.com\/wp-content\/uploads\/2023\/11\/maes-honey-logo-es.png\",\"contentUrl\":\"https:\/\/maeshoney.com\/wp-content\/uploads\/2023\/11\/maes-honey-logo-es.png\",\"width\":157,\"height\":66,\"caption\":\"MAES HONEY\"},\"image\":{\"@id\":\"https:\/\/maeshoney.com\/#\/schema\/logo\/image\/\"}},{\"@type\":\"Person\",\"@id\":\"https:\/\/maeshoney.com\/#\/schema\/person\/5cf874002647ce98247633bceaf1641d\",\"name\":\"Maes Honey\",\"image\":{\"@type\":\"ImageObject\",\"inLanguage\":\"pt-PT\",\"@id\":\"https:\/\/maeshoney.com\/#\/schema\/person\/image\/\",\"url\":\"https:\/\/secure.gravatar.com\/avatar\/93b9711a2ec5c6e5eac330335a9276e015de93f7e8de8011ed0a8793f9d0226c?s=96&d=mm&r=g\",\"contentUrl\":\"https:\/\/secure.gravatar.com\/avatar\/93b9711a2ec5c6e5eac330335a9276e015de93f7e8de8011ed0a8793f9d0226c?s=96&d=mm&r=g\",\"caption\":\"Maes Honey\"}}]}<\/script>\n<!-- \/ Yoast SEO plugin. -->","yoast_head_json":{"title":"Abelhas no Ver\u00e3o, dicas para a protec\u00e7\u00e3o do mel - MAES HONEY","description":"As abelhas e o mel tamb\u00e9m sofrem com o calor do Ver\u00e3o, uma vez que o clima \u00e9 tamb\u00e9m um problema para a colmeia.","robots":{"index":"index","follow":"follow","max-snippet":"max-snippet:-1","max-image-preview":"max-image-preview:large","max-video-preview":"max-video-preview:-1"},"canonical":"https:\/\/maeshoney.com\/pt-pt\/abelhas-no-verao\/","og_locale":"pt_PT","og_type":"article","og_title":"Abelhas no Ver\u00e3o, dicas para a protec\u00e7\u00e3o do mel - MAES HONEY","og_description":"As abelhas e o mel tamb\u00e9m sofrem com o calor do Ver\u00e3o, uma vez que o clima \u00e9 tamb\u00e9m um problema para a colmeia.","og_url":"https:\/\/maeshoney.com\/pt-pt\/abelhas-no-verao\/","og_site_name":"MAES HONEY","article_published_time":"2022-07-13T10:15:00+00:00","article_modified_time":"2022-07-20T12:07:09+00:00","og_image":[{"width":1080,"height":600,"url":"https:\/\/maeshoney.com\/wp-content\/uploads\/2021\/07\/abejas-en-verano.jpg","type":"image\/jpeg"}],"author":"Maes Honey","twitter_card":"summary_large_image","twitter_misc":{"Escrito por":"Maes Honey","Tempo estimado de leitura":"5 minutos"},"schema":{"@context":"https:\/\/schema.org","@graph":[{"@type":"Article","@id":"https:\/\/maeshoney.com\/pt-pt\/abelhas-no-verao\/#article","isPartOf":{"@id":"https:\/\/maeshoney.com\/pt-pt\/abelhas-no-verao\/"},"author":{"name":"Maes Honey","@id":"https:\/\/maeshoney.com\/#\/schema\/person\/5cf874002647ce98247633bceaf1641d"},"headline":"Abelhas no Ver\u00e3o, dicas para a protec\u00e7\u00e3o do mel","datePublished":"2022-07-13T10:15:00+00:00","dateModified":"2022-07-20T12:07:09+00:00","mainEntityOfPage":{"@id":"https:\/\/maeshoney.com\/pt-pt\/abelhas-no-verao\/"},"wordCount":968,"publisher":{"@id":"https:\/\/maeshoney.com\/#organization"},"image":{"@id":"https:\/\/maeshoney.com\/pt-pt\/abelhas-no-verao\/#primaryimage"},"thumbnailUrl":"https:\/\/maeshoney.com\/wp-content\/uploads\/2021\/07\/abejas-en-verano.jpg","keywords":["abejas","Abejas en verano"],"articleSection":["Curiosidades"],"inLanguage":"pt-PT"},{"@type":"WebPage","@id":"https:\/\/maeshoney.com\/pt-pt\/abelhas-no-verao\/","url":"https:\/\/maeshoney.com\/pt-pt\/abelhas-no-verao\/","name":"Abelhas no Ver\u00e3o, dicas para a protec\u00e7\u00e3o do mel - MAES HONEY","isPartOf":{"@id":"https:\/\/maeshoney.com\/#website"},"primaryImageOfPage":{"@id":"https:\/\/maeshoney.com\/pt-pt\/abelhas-no-verao\/#primaryimage"},"image":{"@id":"https:\/\/maeshoney.com\/pt-pt\/abelhas-no-verao\/#primaryimage"},"thumbnailUrl":"https:\/\/maeshoney.com\/wp-content\/uploads\/2021\/07\/abejas-en-verano.jpg","datePublished":"2022-07-13T10:15:00+00:00","dateModified":"2022-07-20T12:07:09+00:00","description":"As abelhas e o mel tamb\u00e9m sofrem com o calor do Ver\u00e3o, uma vez que o clima \u00e9 tamb\u00e9m um problema para a colmeia.","breadcrumb":{"@id":"https:\/\/maeshoney.com\/pt-pt\/abelhas-no-verao\/#breadcrumb"},"inLanguage":"pt-PT","potentialAction":[{"@type":"ReadAction","target":["https:\/\/maeshoney.com\/pt-pt\/abelhas-no-verao\/"]}]},{"@type":"ImageObject","inLanguage":"pt-PT","@id":"https:\/\/maeshoney.com\/pt-pt\/abelhas-no-verao\/#primaryimage","url":"https:\/\/maeshoney.com\/wp-content\/uploads\/2021\/07\/abejas-en-verano.jpg","contentUrl":"https:\/\/maeshoney.com\/wp-content\/uploads\/2021\/07\/abejas-en-verano.jpg","width":1080,"height":600},{"@type":"BreadcrumbList","@id":"https:\/\/maeshoney.com\/pt-pt\/abelhas-no-verao\/#breadcrumb","itemListElement":[{"@type":"ListItem","position":1,"name":"Portada","item":"https:\/\/maeshoney.com\/pt-pt\/"},{"@type":"ListItem","position":2,"name":"Abelhas no Ver\u00e3o, dicas para a protec\u00e7\u00e3o do mel"}]},{"@type":"WebSite","@id":"https:\/\/maeshoney.com\/#website","url":"https:\/\/maeshoney.com\/","name":"MAES HONEY","description":"En Maes Honey somos l\u00edderes en la exportaci\u00f3n de miel en Espa\u00f1a. Contamos con una gran capacidad de producci\u00f3n de miel anual.","publisher":{"@id":"https:\/\/maeshoney.com\/#organization"},"potentialAction":[{"@type":"SearchAction","target":{"@type":"EntryPoint","urlTemplate":"https:\/\/maeshoney.com\/?s={search_term_string}"},"query-input":{"@type":"PropertyValueSpecification","valueRequired":true,"valueName":"search_term_string"}}],"inLanguage":"pt-PT"},{"@type":"Organization","@id":"https:\/\/maeshoney.com\/#organization","name":"MAES HONEY","url":"https:\/\/maeshoney.com\/","logo":{"@type":"ImageObject","inLanguage":"pt-PT","@id":"https:\/\/maeshoney.com\/#\/schema\/logo\/image\/","url":"https:\/\/maeshoney.com\/wp-content\/uploads\/2023\/11\/maes-honey-logo-es.png","contentUrl":"https:\/\/maeshoney.com\/wp-content\/uploads\/2023\/11\/maes-honey-logo-es.png","width":157,"height":66,"caption":"MAES HONEY"},"image":{"@id":"https:\/\/maeshoney.com\/#\/schema\/logo\/image\/"}},{"@type":"Person","@id":"https:\/\/maeshoney.com\/#\/schema\/person\/5cf874002647ce98247633bceaf1641d","name":"Maes Honey","image":{"@type":"ImageObject","inLanguage":"pt-PT","@id":"https:\/\/maeshoney.com\/#\/schema\/person\/image\/","url":"https:\/\/secure.gravatar.com\/avatar\/93b9711a2ec5c6e5eac330335a9276e015de93f7e8de8011ed0a8793f9d0226c?s=96&d=mm&r=g","contentUrl":"https:\/\/secure.gravatar.com\/avatar\/93b9711a2ec5c6e5eac330335a9276e015de93f7e8de8011ed0a8793f9d0226c?s=96&d=mm&r=g","caption":"Maes Honey"}}]}},"_links":{"self":[{"href":"https:\/\/maeshoney.com\/pt-pt\/wp-json\/wp\/v2\/posts\/19118","targetHints":{"allow":["GET"]}}],"collection":[{"href":"https:\/\/maeshoney.com\/pt-pt\/wp-json\/wp\/v2\/posts"}],"about":[{"href":"https:\/\/maeshoney.com\/pt-pt\/wp-json\/wp\/v2\/types\/post"}],"author":[{"embeddable":true,"href":"https:\/\/maeshoney.com\/pt-pt\/wp-json\/wp\/v2\/users\/20"}],"replies":[{"embeddable":true,"href":"https:\/\/maeshoney.com\/pt-pt\/wp-json\/wp\/v2\/comments?post=19118"}],"version-history":[{"count":0,"href":"https:\/\/maeshoney.com\/pt-pt\/wp-json\/wp\/v2\/posts\/19118\/revisions"}],"wp:featuredmedia":[{"embeddable":true,"href":"https:\/\/maeshoney.com\/pt-pt\/wp-json\/wp\/v2\/media\/16851"}],"wp:attachment":[{"href":"https:\/\/maeshoney.com\/pt-pt\/wp-json\/wp\/v2\/media?parent=19118"}],"wp:term":[{"taxonomy":"category","embeddable":true,"href":"https:\/\/maeshoney.com\/pt-pt\/wp-json\/wp\/v2\/categories?post=19118"},{"taxonomy":"post_tag","embeddable":true,"href":"https:\/\/maeshoney.com\/pt-pt\/wp-json\/wp\/v2\/tags?post=19118"}],"curies":[{"name":"wp","href":"https:\/\/api.w.org\/{rel}","templated":true}]}}