{"id":15091,"date":"2022-04-05T10:15:42","date_gmt":"2022-04-05T09:15:42","guid":{"rendered":"https:\/\/maeshoney.com\/?p=15091"},"modified":"2022-07-08T11:01:07","modified_gmt":"2022-07-08T10:01:07","slug":"printemps-la-saison-des-abeilles","status":"publish","type":"post","link":"https:\/\/maeshoney.com\/fr\/printemps-la-saison-des-abeilles\/","title":{"rendered":"Printemps : la saison des abeilles"},"content":{"rendered":"\n<p>Il est \u00e9vident que la saison des abeilles d\u00e9pend principalement des conditions m\u00e9t\u00e9orologiques, qui affectent l&rsquo;environnement, tant la flore que la faune. Ces merveilleux insectes sont \u00e0 l&rsquo;\u0153uvre toute l&rsquo;ann\u00e9e, mais ils r\u00e9partissent leurs t\u00e2ches en fonction de la saison.\u00a0<\/p>\n\n\n\n<p>Comme vous l&rsquo;avez peut-\u00eatre devin\u00e9, la saison des abeilles est consid\u00e9r\u00e9e comme le moment o\u00f9 l&rsquo;on voit le plus d&rsquo;abeilles en action et co\u00efncide donc avec les mois de printemps (et une partie de l&rsquo;\u00e9t\u00e9). Mais que se passe-t-il principalement pendant cette p\u00e9riode ?<\/p>\n\n\n\n<h2 class=\"wp-block-heading\">Quand la saison des abeilles commence-t-elle ?<\/h2>\n\n\n\n<p>Tout commence d\u00e8s les premiers mois o\u00f9 l&rsquo;on peut appr\u00e9cier la floraison. C&rsquo;est le processus au cours duquel les fleurs deviennent plus expos\u00e9es et se pr\u00e9parent \u00e0 la pollinisation (reproduction des plantes).\u00a0<\/p>\n\n\n\n<p>En \u00e9changeant le pollen, les abeilles favorisent la propagation des fleurs. Cependant, ce n&rsquo;est pas la seule raison pour laquelle nous voyons des nuages d&rsquo;abeilles voler dans le ciel pendant ces mois.\u00a0<\/p>\n\n\n\n<p>\u00c0 cette \u00e9poque de l&rsquo;ann\u00e9e, les abeilles effectuent un processus appel\u00e9 <strong>essaimage<\/strong>. Il s&rsquo;agit du besoin naturel des abeilles de se reproduire au d\u00e9but du printemps, ce qui co\u00efncide avec la saison des abeilles.<\/p>\n\n\n\n<figure class=\"wp-block-image size-full\"><img fetchpriority=\"high\" decoding=\"async\" width=\"1080\" height=\"600\" src=\"https:\/\/maeshoney.com\/wp-content\/uploads\/2022\/03\/temporada-de-abejas-3.png\" alt=\"temporada-de-abejas-3\" class=\"wp-image-15077\" srcset=\"https:\/\/maeshoney.com\/wp-content\/uploads\/2022\/03\/temporada-de-abejas-3.png 1080w, https:\/\/maeshoney.com\/wp-content\/uploads\/2022\/03\/temporada-de-abejas-3-768x426.png 768w\" sizes=\"(max-width: 1080px) 100vw, 1080px\" \/><\/figure>\n\n\n\n<h2 class=\"wp-block-heading\">L&rsquo;essaimage : d\u00e9clencheur de la saison apicole<\/h2>\n\n\n\n<p>Au cours de ces mois, de nombreux facteurs influencent l&rsquo;essaimage (bien que l&rsquo;on n&rsquo;ait pas d\u00e9termin\u00e9 lequel d&rsquo;entre eux est le plus important dans le comportement des abeilles), comme l&rsquo;afflux de nectar et de pollen ou l&rsquo;augmentation de la population de la ruche.\u00a0<\/p>\n\n\n\n<p>On consid\u00e8re que les abeilles effectuent ce processus uniquement en raison de la r\u00e9partition de l&rsquo;esp\u00e8ce. Ce qui est certain, c&rsquo;est que ce processus est r\u00e9alis\u00e9 instinctivement par toutes les abeilles de la ruche, qui fonctionne comme une intelligence collective.\u00a0<\/p>\n\n\n\n<p>Lorsque le nombre d&rsquo;abeilles dans la ruche augmente, les ph\u00e9romones de la reine se dissipent et, si elle vieillit, elle doit \u00eatre remplac\u00e9e. Les abeilles commencent \u00e0 essaimer en volant en groupes d&rsquo;essaims \u00e0 la recherche d&rsquo;autres ruches.\u00a0<\/p>\n\n\n\n<p>L&rsquo;organisation individuelle des abeilles est quelque peu complexe. L&rsquo;id\u00e9e principale est de s&rsquo;installer dans un autre endroit et de lib\u00e9rer l&rsquo;ancienne ruche, qui sera \u00e0 la merci du r\u00e8gne de la nouvelle reine que les faux-bourdons f\u00e9conderont.\u00a0<\/p>\n\n\n\n<p>Ce processus est \u00e0 l&rsquo;origine du d\u00e9placement en groupe de plusieurs abeilles (qui prot\u00e8gent g\u00e9n\u00e9ralement la reine), qui peuvent parfois finir par se poser dans notre maison.\u00a0<\/p>\n\n\n\n<figure class=\"wp-block-image size-full\"><img decoding=\"async\" width=\"1080\" height=\"600\" src=\"https:\/\/maeshoney.com\/wp-content\/uploads\/2022\/03\/temporada-de-abejas-4.png\" alt=\"\" class=\"wp-image-15080\" srcset=\"https:\/\/maeshoney.com\/wp-content\/uploads\/2022\/03\/temporada-de-abejas-4.png 1080w, https:\/\/maeshoney.com\/wp-content\/uploads\/2022\/03\/temporada-de-abejas-4-768x426.png 768w\" sizes=\"(max-width: 1080px) 100vw, 1080px\" \/><\/figure>\n\n\n\n<h2 class=\"wp-block-heading\">Le travail des abeilles<\/h2>\n\n\n\n<p>Apr\u00e8s ou pendant ce processus, les abeilles sont occup\u00e9es \u00e0 <a href=\"https:\/\/maeshoney.com\/fr\/?p=15027\">butiner<\/a>. Ainsi, entre la collecte du pollen, la migration et la multiplication de l&rsquo;esp\u00e8ce ou la danse pour communiquer, nous voyons des abeilles partout.\u00a0<\/p>\n\n\n\n<p>Tout au long du printemps, nous profitons de l&rsquo;activit\u00e9 de ces insectes, qui ne cessent de travailler pour accro\u00eetre et pr\u00e9server leur esp\u00e8ce. Apr\u00e8s tout un processus de collecte, il est temps de retourner \u00e0 la ruche et de travailler avec les fournitures.\u00a0<\/p>\n\n\n\n<h2 class=\"wp-block-heading\">P\u00e9riode de r\u00e9colte<\/h2>\n\n\n\n<p>D\u00e8s la fin de l&rsquo;\u00e9t\u00e9, la saison des <a href=\"https:\/\/maeshoney.com\/fr\/comment-le-miel-est-cueilli\/\">r\u00e9coltes <\/a>commence. C&rsquo;est \u00e0 cette saison que les apiculteurs commencent \u00e0 extraire les panneaux et \u00e0 r\u00e9colter le miel. Elle dure donc de la fin de l&rsquo;\u00e9t\u00e9 \u00e0 la fin de l&rsquo;automne, environ.\u00a0<\/p>\n\n\n\n<p>Cependant, la saison d&rsquo;apiculture est la p\u00e9riode la plus charg\u00e9e de l&rsquo;ann\u00e9e pour les apiculteurs. Ils doivent contr\u00f4ler l&rsquo;\u00e9tat des ruches, surveiller les r\u00e9serves de pollen et de miel et veiller \u00e0 la production de gel\u00e9e royale, entre autres choses.\u00a0<\/p>\n\n\n\n<p>Vous pouvez \u00e9galement \u00eatre int\u00e9ress\u00e9 par :<\/p>\n\n\n\n<ul class=\"wp-block-list\"><li><a href=\"https:\/\/maeshoney.com\/fr\/?p=15066\">Maes Honey sera pr\u00e9sent \u00e0 la foire Alimentaria<\/a><\/li><li><a href=\"https:\/\/maeshoney.com\/fr\/?p=15027\">Qu&rsquo;est-ce que le pecoreo ?<\/a><\/li><\/ul>\n\n\n\n<p><\/p>\n","protected":false},"excerpt":{"rendered":"<p>Il est \u00e9vident que la saison des abeilles d\u00e9pend principalement des conditions m\u00e9t\u00e9orologiques, qui affectent l&rsquo;environnement, tant la flore que la faune. Ces merveilleux insectes sont \u00e0 l&rsquo;\u0153uvre toute l&rsquo;ann\u00e9e,&hellip;<\/p>\n","protected":false},"author":20,"featured_media":15074,"comment_status":"closed","ping_status":"open","sticky":false,"template":"","format":"standard","meta":{"_acf_changed":false,"footnotes":""},"categories":[103],"tags":[],"class_list":["post-15091","post","type-post","status-publish","format-standard","has-post-thumbnail","hentry","category-curiosites"],"acf":[],"yoast_head":"<!-- This site is optimized with the Yoast SEO plugin v27.1.1 - https:\/\/yoast.com\/product\/yoast-seo-wordpress\/ -->\n<title>Printemps : la saison des abeilles - MAES HONEY<\/title>\n<meta name=\"description\" content=\"La saison des abeilles est le moment o\u00f9 l&#039;on observe le plus souvent ces merveilleux insectes - voici de quoi il s&#039;agit !\" \/>\n<meta name=\"robots\" content=\"index, follow, max-snippet:-1, max-image-preview:large, max-video-preview:-1\" \/>\n<link rel=\"canonical\" href=\"https:\/\/maeshoney.com\/fr\/printemps-la-saison-des-abeilles\/\" \/>\n<meta property=\"og:locale\" content=\"fr_FR\" \/>\n<meta property=\"og:type\" content=\"article\" \/>\n<meta property=\"og:title\" content=\"Printemps : la saison des abeilles - MAES HONEY\" \/>\n<meta property=\"og:description\" content=\"La saison des abeilles est le moment o\u00f9 l&#039;on observe le plus souvent ces merveilleux insectes - voici de quoi il s&#039;agit !\" \/>\n<meta property=\"og:url\" content=\"https:\/\/maeshoney.com\/fr\/printemps-la-saison-des-abeilles\/\" \/>\n<meta property=\"og:site_name\" content=\"MAES HONEY\" \/>\n<meta property=\"article:published_time\" content=\"2022-04-05T09:15:42+00:00\" \/>\n<meta property=\"article:modified_time\" content=\"2022-07-08T10:01:07+00:00\" \/>\n<meta property=\"og:image\" content=\"https:\/\/maeshoney.com\/wp-content\/uploads\/2022\/03\/temporada-de-abejas-2.png\" \/>\n\t<meta property=\"og:image:width\" content=\"1080\" \/>\n\t<meta property=\"og:image:height\" content=\"600\" \/>\n\t<meta property=\"og:image:type\" content=\"image\/png\" \/>\n<meta name=\"author\" content=\"Maes Honey\" \/>\n<meta name=\"twitter:card\" content=\"summary_large_image\" \/>\n<meta name=\"twitter:label1\" content=\"\u00c9crit par\" \/>\n\t<meta name=\"twitter:data1\" content=\"Maes Honey\" \/>\n\t<meta name=\"twitter:label2\" content=\"Dur\u00e9e de lecture estim\u00e9e\" \/>\n\t<meta name=\"twitter:data2\" content=\"3 minutes\" \/>\n<script type=\"application\/ld+json\" class=\"yoast-schema-graph\">{\"@context\":\"https:\/\/schema.org\",\"@graph\":[{\"@type\":\"Article\",\"@id\":\"https:\/\/maeshoney.com\/fr\/printemps-la-saison-des-abeilles\/#article\",\"isPartOf\":{\"@id\":\"https:\/\/maeshoney.com\/fr\/printemps-la-saison-des-abeilles\/\"},\"author\":{\"name\":\"Maes Honey\",\"@id\":\"https:\/\/maeshoney.com\/#\/schema\/person\/5cf874002647ce98247633bceaf1641d\"},\"headline\":\"Printemps : la saison des abeilles\",\"datePublished\":\"2022-04-05T09:15:42+00:00\",\"dateModified\":\"2022-07-08T10:01:07+00:00\",\"mainEntityOfPage\":{\"@id\":\"https:\/\/maeshoney.com\/fr\/printemps-la-saison-des-abeilles\/\"},\"wordCount\":610,\"publisher\":{\"@id\":\"https:\/\/maeshoney.com\/#organization\"},\"image\":{\"@id\":\"https:\/\/maeshoney.com\/fr\/printemps-la-saison-des-abeilles\/#primaryimage\"},\"thumbnailUrl\":\"https:\/\/maeshoney.com\/wp-content\/uploads\/2022\/03\/temporada-de-abejas-2.png\",\"articleSection\":[\"Curiosit\u00e9s\"],\"inLanguage\":\"fr-FR\"},{\"@type\":\"WebPage\",\"@id\":\"https:\/\/maeshoney.com\/fr\/printemps-la-saison-des-abeilles\/\",\"url\":\"https:\/\/maeshoney.com\/fr\/printemps-la-saison-des-abeilles\/\",\"name\":\"Printemps : la saison des abeilles - MAES HONEY\",\"isPartOf\":{\"@id\":\"https:\/\/maeshoney.com\/#website\"},\"primaryImageOfPage\":{\"@id\":\"https:\/\/maeshoney.com\/fr\/printemps-la-saison-des-abeilles\/#primaryimage\"},\"image\":{\"@id\":\"https:\/\/maeshoney.com\/fr\/printemps-la-saison-des-abeilles\/#primaryimage\"},\"thumbnailUrl\":\"https:\/\/maeshoney.com\/wp-content\/uploads\/2022\/03\/temporada-de-abejas-2.png\",\"datePublished\":\"2022-04-05T09:15:42+00:00\",\"dateModified\":\"2022-07-08T10:01:07+00:00\",\"description\":\"La saison des abeilles est le moment o\u00f9 l'on observe le plus souvent ces merveilleux insectes - voici de quoi il s'agit !\",\"breadcrumb\":{\"@id\":\"https:\/\/maeshoney.com\/fr\/printemps-la-saison-des-abeilles\/#breadcrumb\"},\"inLanguage\":\"fr-FR\",\"potentialAction\":[{\"@type\":\"ReadAction\",\"target\":[\"https:\/\/maeshoney.com\/fr\/printemps-la-saison-des-abeilles\/\"]}]},{\"@type\":\"ImageObject\",\"inLanguage\":\"fr-FR\",\"@id\":\"https:\/\/maeshoney.com\/fr\/printemps-la-saison-des-abeilles\/#primaryimage\",\"url\":\"https:\/\/maeshoney.com\/wp-content\/uploads\/2022\/03\/temporada-de-abejas-2.png\",\"contentUrl\":\"https:\/\/maeshoney.com\/wp-content\/uploads\/2022\/03\/temporada-de-abejas-2.png\",\"width\":1080,\"height\":600,\"caption\":\"temporada de abejas\"},{\"@type\":\"BreadcrumbList\",\"@id\":\"https:\/\/maeshoney.com\/fr\/printemps-la-saison-des-abeilles\/#breadcrumb\",\"itemListElement\":[{\"@type\":\"ListItem\",\"position\":1,\"name\":\"Portada\",\"item\":\"https:\/\/maeshoney.com\/fr\/\"},{\"@type\":\"ListItem\",\"position\":2,\"name\":\"Printemps : la saison des abeilles\"}]},{\"@type\":\"WebSite\",\"@id\":\"https:\/\/maeshoney.com\/#website\",\"url\":\"https:\/\/maeshoney.com\/\",\"name\":\"MAES HONEY\",\"description\":\"En Maes Honey somos l\u00edderes en la exportaci\u00f3n de miel en Espa\u00f1a. Contamos con una gran capacidad de producci\u00f3n de miel anual.\",\"publisher\":{\"@id\":\"https:\/\/maeshoney.com\/#organization\"},\"potentialAction\":[{\"@type\":\"SearchAction\",\"target\":{\"@type\":\"EntryPoint\",\"urlTemplate\":\"https:\/\/maeshoney.com\/?s={search_term_string}\"},\"query-input\":{\"@type\":\"PropertyValueSpecification\",\"valueRequired\":true,\"valueName\":\"search_term_string\"}}],\"inLanguage\":\"fr-FR\"},{\"@type\":\"Organization\",\"@id\":\"https:\/\/maeshoney.com\/#organization\",\"name\":\"MAES HONEY\",\"url\":\"https:\/\/maeshoney.com\/\",\"logo\":{\"@type\":\"ImageObject\",\"inLanguage\":\"fr-FR\",\"@id\":\"https:\/\/maeshoney.com\/#\/schema\/logo\/image\/\",\"url\":\"https:\/\/maeshoney.com\/wp-content\/uploads\/2023\/11\/maes-honey-logo-es.png\",\"contentUrl\":\"https:\/\/maeshoney.com\/wp-content\/uploads\/2023\/11\/maes-honey-logo-es.png\",\"width\":157,\"height\":66,\"caption\":\"MAES HONEY\"},\"image\":{\"@id\":\"https:\/\/maeshoney.com\/#\/schema\/logo\/image\/\"}},{\"@type\":\"Person\",\"@id\":\"https:\/\/maeshoney.com\/#\/schema\/person\/5cf874002647ce98247633bceaf1641d\",\"name\":\"Maes Honey\",\"image\":{\"@type\":\"ImageObject\",\"inLanguage\":\"fr-FR\",\"@id\":\"https:\/\/maeshoney.com\/#\/schema\/person\/image\/\",\"url\":\"https:\/\/secure.gravatar.com\/avatar\/93b9711a2ec5c6e5eac330335a9276e015de93f7e8de8011ed0a8793f9d0226c?s=96&d=mm&r=g\",\"contentUrl\":\"https:\/\/secure.gravatar.com\/avatar\/93b9711a2ec5c6e5eac330335a9276e015de93f7e8de8011ed0a8793f9d0226c?s=96&d=mm&r=g\",\"caption\":\"Maes Honey\"}}]}<\/script>\n<!-- \/ Yoast SEO plugin. -->","yoast_head_json":{"title":"Printemps : la saison des abeilles - MAES HONEY","description":"La saison des abeilles est le moment o\u00f9 l'on observe le plus souvent ces merveilleux insectes - voici de quoi il s'agit !","robots":{"index":"index","follow":"follow","max-snippet":"max-snippet:-1","max-image-preview":"max-image-preview:large","max-video-preview":"max-video-preview:-1"},"canonical":"https:\/\/maeshoney.com\/fr\/printemps-la-saison-des-abeilles\/","og_locale":"fr_FR","og_type":"article","og_title":"Printemps : la saison des abeilles - MAES HONEY","og_description":"La saison des abeilles est le moment o\u00f9 l'on observe le plus souvent ces merveilleux insectes - voici de quoi il s'agit !","og_url":"https:\/\/maeshoney.com\/fr\/printemps-la-saison-des-abeilles\/","og_site_name":"MAES HONEY","article_published_time":"2022-04-05T09:15:42+00:00","article_modified_time":"2022-07-08T10:01:07+00:00","og_image":[{"width":1080,"height":600,"url":"https:\/\/maeshoney.com\/wp-content\/uploads\/2022\/03\/temporada-de-abejas-2.png","type":"image\/png"}],"author":"Maes Honey","twitter_card":"summary_large_image","twitter_misc":{"\u00c9crit par":"Maes Honey","Dur\u00e9e de lecture estim\u00e9e":"3 minutes"},"schema":{"@context":"https:\/\/schema.org","@graph":[{"@type":"Article","@id":"https:\/\/maeshoney.com\/fr\/printemps-la-saison-des-abeilles\/#article","isPartOf":{"@id":"https:\/\/maeshoney.com\/fr\/printemps-la-saison-des-abeilles\/"},"author":{"name":"Maes Honey","@id":"https:\/\/maeshoney.com\/#\/schema\/person\/5cf874002647ce98247633bceaf1641d"},"headline":"Printemps : la saison des abeilles","datePublished":"2022-04-05T09:15:42+00:00","dateModified":"2022-07-08T10:01:07+00:00","mainEntityOfPage":{"@id":"https:\/\/maeshoney.com\/fr\/printemps-la-saison-des-abeilles\/"},"wordCount":610,"publisher":{"@id":"https:\/\/maeshoney.com\/#organization"},"image":{"@id":"https:\/\/maeshoney.com\/fr\/printemps-la-saison-des-abeilles\/#primaryimage"},"thumbnailUrl":"https:\/\/maeshoney.com\/wp-content\/uploads\/2022\/03\/temporada-de-abejas-2.png","articleSection":["Curiosit\u00e9s"],"inLanguage":"fr-FR"},{"@type":"WebPage","@id":"https:\/\/maeshoney.com\/fr\/printemps-la-saison-des-abeilles\/","url":"https:\/\/maeshoney.com\/fr\/printemps-la-saison-des-abeilles\/","name":"Printemps : la saison des abeilles - MAES HONEY","isPartOf":{"@id":"https:\/\/maeshoney.com\/#website"},"primaryImageOfPage":{"@id":"https:\/\/maeshoney.com\/fr\/printemps-la-saison-des-abeilles\/#primaryimage"},"image":{"@id":"https:\/\/maeshoney.com\/fr\/printemps-la-saison-des-abeilles\/#primaryimage"},"thumbnailUrl":"https:\/\/maeshoney.com\/wp-content\/uploads\/2022\/03\/temporada-de-abejas-2.png","datePublished":"2022-04-05T09:15:42+00:00","dateModified":"2022-07-08T10:01:07+00:00","description":"La saison des abeilles est le moment o\u00f9 l'on observe le plus souvent ces merveilleux insectes - voici de quoi il s'agit !","breadcrumb":{"@id":"https:\/\/maeshoney.com\/fr\/printemps-la-saison-des-abeilles\/#breadcrumb"},"inLanguage":"fr-FR","potentialAction":[{"@type":"ReadAction","target":["https:\/\/maeshoney.com\/fr\/printemps-la-saison-des-abeilles\/"]}]},{"@type":"ImageObject","inLanguage":"fr-FR","@id":"https:\/\/maeshoney.com\/fr\/printemps-la-saison-des-abeilles\/#primaryimage","url":"https:\/\/maeshoney.com\/wp-content\/uploads\/2022\/03\/temporada-de-abejas-2.png","contentUrl":"https:\/\/maeshoney.com\/wp-content\/uploads\/2022\/03\/temporada-de-abejas-2.png","width":1080,"height":600,"caption":"temporada de abejas"},{"@type":"BreadcrumbList","@id":"https:\/\/maeshoney.com\/fr\/printemps-la-saison-des-abeilles\/#breadcrumb","itemListElement":[{"@type":"ListItem","position":1,"name":"Portada","item":"https:\/\/maeshoney.com\/fr\/"},{"@type":"ListItem","position":2,"name":"Printemps : la saison des abeilles"}]},{"@type":"WebSite","@id":"https:\/\/maeshoney.com\/#website","url":"https:\/\/maeshoney.com\/","name":"MAES HONEY","description":"En Maes Honey somos l\u00edderes en la exportaci\u00f3n de miel en Espa\u00f1a. Contamos con una gran capacidad de producci\u00f3n de miel anual.","publisher":{"@id":"https:\/\/maeshoney.com\/#organization"},"potentialAction":[{"@type":"SearchAction","target":{"@type":"EntryPoint","urlTemplate":"https:\/\/maeshoney.com\/?s={search_term_string}"},"query-input":{"@type":"PropertyValueSpecification","valueRequired":true,"valueName":"search_term_string"}}],"inLanguage":"fr-FR"},{"@type":"Organization","@id":"https:\/\/maeshoney.com\/#organization","name":"MAES HONEY","url":"https:\/\/maeshoney.com\/","logo":{"@type":"ImageObject","inLanguage":"fr-FR","@id":"https:\/\/maeshoney.com\/#\/schema\/logo\/image\/","url":"https:\/\/maeshoney.com\/wp-content\/uploads\/2023\/11\/maes-honey-logo-es.png","contentUrl":"https:\/\/maeshoney.com\/wp-content\/uploads\/2023\/11\/maes-honey-logo-es.png","width":157,"height":66,"caption":"MAES HONEY"},"image":{"@id":"https:\/\/maeshoney.com\/#\/schema\/logo\/image\/"}},{"@type":"Person","@id":"https:\/\/maeshoney.com\/#\/schema\/person\/5cf874002647ce98247633bceaf1641d","name":"Maes Honey","image":{"@type":"ImageObject","inLanguage":"fr-FR","@id":"https:\/\/maeshoney.com\/#\/schema\/person\/image\/","url":"https:\/\/secure.gravatar.com\/avatar\/93b9711a2ec5c6e5eac330335a9276e015de93f7e8de8011ed0a8793f9d0226c?s=96&d=mm&r=g","contentUrl":"https:\/\/secure.gravatar.com\/avatar\/93b9711a2ec5c6e5eac330335a9276e015de93f7e8de8011ed0a8793f9d0226c?s=96&d=mm&r=g","caption":"Maes Honey"}}]}},"_links":{"self":[{"href":"https:\/\/maeshoney.com\/fr\/wp-json\/wp\/v2\/posts\/15091","targetHints":{"allow":["GET"]}}],"collection":[{"href":"https:\/\/maeshoney.com\/fr\/wp-json\/wp\/v2\/posts"}],"about":[{"href":"https:\/\/maeshoney.com\/fr\/wp-json\/wp\/v2\/types\/post"}],"author":[{"embeddable":true,"href":"https:\/\/maeshoney.com\/fr\/wp-json\/wp\/v2\/users\/20"}],"replies":[{"embeddable":true,"href":"https:\/\/maeshoney.com\/fr\/wp-json\/wp\/v2\/comments?post=15091"}],"version-history":[{"count":0,"href":"https:\/\/maeshoney.com\/fr\/wp-json\/wp\/v2\/posts\/15091\/revisions"}],"wp:featuredmedia":[{"embeddable":true,"href":"https:\/\/maeshoney.com\/fr\/wp-json\/wp\/v2\/media\/15074"}],"wp:attachment":[{"href":"https:\/\/maeshoney.com\/fr\/wp-json\/wp\/v2\/media?parent=15091"}],"wp:term":[{"taxonomy":"category","embeddable":true,"href":"https:\/\/maeshoney.com\/fr\/wp-json\/wp\/v2\/categories?post=15091"},{"taxonomy":"post_tag","embeddable":true,"href":"https:\/\/maeshoney.com\/fr\/wp-json\/wp\/v2\/tags?post=15091"}],"curies":[{"name":"wp","href":"https:\/\/api.w.org\/{rel}","templated":true}]}}