{"id":15066,"date":"2022-03-30T12:53:05","date_gmt":"2022-03-30T11:53:05","guid":{"rendered":"https:\/\/maeshoney.com\/?p=15066"},"modified":"2022-07-08T11:01:05","modified_gmt":"2022-07-08T10:01:05","slug":"feria-alimentaria-maes-miel","status":"publish","type":"post","link":"https:\/\/maeshoney.com\/fr\/feria-alimentaria-maes-miel\/","title":{"rendered":"Maes Honey sera pr\u00e9sent \u00e0 la foire Alimentaria"},"content":{"rendered":"\n<p>Maes Honey sera pr\u00e9sent \u00e0 la Foire Alimentaria de Barcelone cette ann\u00e9e 2022, pour pr\u00e9senter tous ses produits, ce sera pendant les 4, 5, 6 et 7 avril.\u00a0<\/p>\n\n\n\n<p>Il permettra de partager les produits de chaque entreprise pr\u00e9sente et de cr\u00e9er une atmosph\u00e8re d&rsquo;\u00e9change de passions pour la gastronomie, la culture, l&rsquo;alimentation et toute pratique de production alimentaire.\u00a0<\/p>\n\n\n\n<h2 class=\"wp-block-heading\">Objectif de la foire<\/h2>\n\n\n\n<p>La foire alimentaire est un \u00e9v\u00e9nement qui r\u00e9unit un grand nombre de promoteurs de tous types de produits alimentaires. L&rsquo;objectif est de partager leurs produits pour les montrer au monde entier, mais aussi de participer \u00e0 des activit\u00e9s visant \u00e0 enrichir et \u00e0 faire conna\u00eetre le secteur alimentaire.\u00a0<\/p>\n\n\n\n<p>Cet \u00e9v\u00e9nement majeur vise \u00e0 projeter le monde de l&rsquo;alimentation \u00e0 un niveau encore plus \u00e9lev\u00e9. Pour quelque chose d&rsquo;aussi fondamental que la nourriture, le soin et le traitement des produits doivent faire l&rsquo;objet d&rsquo;une attention \u00e0 la mesure de leur importance.\u00a0<\/p>\n\n\n\n<p>La r\u00e9union de tant de secteurs de l&rsquo;industrie encourage la croissance d&rsquo;un monde o\u00f9 beaucoup reste \u00e0 d\u00e9couvrir.\u00a0<\/p>\n\n\n\n<h2 class=\"wp-block-heading\">Participation du miel de Maes<\/h2>\n\n\n\n<p>Nous, de Maes Honey, serons \u00e0 nouveau pr\u00e9sents \u00e0 la Foire Alimentaria apr\u00e8s notre derni\u00e8re apparition en 2018. Nous serons dans le pavillon num\u00e9ro 2 STAND C775, o\u00f9 nos miels seront expos\u00e9s, ainsi que les meilleurs produits espagnols de toutes sortes.\u00a0<\/p>\n\n\n\n<p>En outre, nous aurons l&rsquo;occasion de participer aux activit\u00e9s propos\u00e9es par la foire. Cela nous permettra de partager notre exp\u00e9rience et nos connaissances avec les personnes int\u00e9ress\u00e9es par la production de miel. Mais bien s\u00fbr, nous pourrons aussi apprendre d&rsquo;autres entreprises, m\u00eame si elles ne sont pas li\u00e9es \u00e0 l&rsquo;apiculture.\u00a0<\/p>\n\n\n\n<p>Nous sommes fiers d&rsquo;appartenir \u00e0 un groupe de producteurs alimentaires qui traitent tous leurs produits avec soin et affection, toujours dans le but de trouver la meilleure qualit\u00e9 de saveur, tout comme nos miels.<\/p>\n\n\n\n<p> Somos los l\u00edderes de la exportaci\u00f3n de miel en Espa\u00f1a por una raz\u00f3n: tenemos la mejor calidad. En esta feria todo el mundo tendr\u00e1 la oportunidad de comprobarlo por s\u00ed mismos y disfrutar de nuestro producto estrella.  <\/p>\n\n\n\n<figure class=\"wp-block-image size-large\"><img fetchpriority=\"high\" decoding=\"async\" width=\"1024\" height=\"569\" src=\"https:\/\/maeshoney.com\/wp-content\/uploads\/2022\/03\/Diseno-sin-titulo-1-1024x569.png\" alt=\"Feria Alimentaria\" class=\"wp-image-15051\" srcset=\"https:\/\/maeshoney.com\/wp-content\/uploads\/2022\/03\/Diseno-sin-titulo-1-1024x569.png 1024w, https:\/\/maeshoney.com\/wp-content\/uploads\/2022\/03\/Diseno-sin-titulo-1-300x167.png 300w, https:\/\/maeshoney.com\/wp-content\/uploads\/2022\/03\/Diseno-sin-titulo-1-768x427.png 768w, https:\/\/maeshoney.com\/wp-content\/uploads\/2022\/03\/Diseno-sin-titulo-1.png 1080w\" sizes=\"(max-width: 1024px) 100vw, 1024px\" \/><\/figure>\n\n\n\n<h2 class=\"wp-block-heading\">Distribution de la foire Alimentaria<\/h2>\n\n\n\n<p>La foire Alimentaria est compos\u00e9e de dix halls diff\u00e9rents, class\u00e9s en fonction des secteurs alimentaires dans lesquels chaque entreprise op\u00e8re. Cela permet une vari\u00e9t\u00e9 et une plus grande accessibilit\u00e9 pour une exp\u00e9rience unique et diversifi\u00e9e.\u00a0<\/p>\n\n\n\n<p>Les dix spectacles sont divis\u00e9s en : Epicerie (alimentation de supermarch\u00e9), Pavillons internationaux (produits internationaux), Terres d&rsquo;Espagne (produits originaires d&rsquo;Espagne), Intercarn (viandes), Interlact (produits laitiers), Expoconser (conserves), Restaurama (restauration), Snacks &amp; Biscuits &amp; Confiserie (snacks), Aliments m\u00e9diterran\u00e9ens (M\u00e9diterran\u00e9e) et Tendances Alimentaires (nouvelles propositions).&nbsp;<\/p>\n\n\n\n<p>Bien que nous ne soyons pr\u00e9sents que dans l&rsquo;une des salles, les autres offrent une vari\u00e9t\u00e9 de produits pour enrichir l&rsquo;exp\u00e9rience. M\u00eame si certaines d&rsquo;entre elles ne sont pas li\u00e9es au miel, il est toujours tr\u00e8s utile de conna\u00eetre l&rsquo;implication des travailleurs, l&rsquo;entretien naturel des produits ou les conseils des experts.<\/p>\n\n\n\n<h2 class=\"wp-block-heading\">Activit\u00e9s Feria Alimentaria Barcelona 2022<\/h2>\n\n\n\n<p>De nombreuses conf\u00e9rences sont organis\u00e9es par des experts de chaque entreprise pour partager leurs techniques et leurs connaissances dans la production du produit en question. De cette fa\u00e7on, l&rsquo;industrie est renforc\u00e9e en mettant les connaissances de chacun \u00e0 la disposition de tous.\u00a0<\/p>\n\n\n\n<p>En compl\u00e9ment des conf\u00e9rences, des tables rondes sont \u00e9galement organis\u00e9es. Dans ces cas, de nombreux artisans \u00e9changent des avis culinaires et parlent de la transformation et de la production des aliments afin de contraster et d&rsquo;apprendre les uns des autres.\u00a0<\/p>\n\n\n\n<p>Il y a \u00e9galement des d\u00e9monstrations de cuisine en direct. Pour les produits qui n\u00e9cessitent une manipulation plus technique, la meilleure fa\u00e7on de partager vos comp\u00e9tences est de le faire en personne. La foire offre pratiquement une \u00ab\u00a0master class\u00a0\u00bb donn\u00e9e par les meilleurs des meilleurs.\u00a0<\/p>\n\n\n\n<p>Vous pouvez \u00e9galement \u00eatre int\u00e9ress\u00e9 par :<\/p>\n\n\n\n<ul class=\"wp-block-list\"><li><a href=\"https:\/\/maeshoney.com\/fr\/?p=15027\">Qu&rsquo;est-ce que le pecoreo ?<\/a><\/li><li><a href=\"https:\/\/maeshoney.com\/fr\/miel-acacia-avantages\/\">Tous les avantages du miel d&rsquo;acacia<\/a><\/li><\/ul>\n","protected":false},"excerpt":{"rendered":"<p>Maes Honey sera pr\u00e9sent \u00e0 la Foire Alimentaria de Barcelone cette ann\u00e9e 2022, pour pr\u00e9senter tous ses produits, ce sera pendant les 4, 5, 6 et 7 avril.\u00a0 Il permettra&hellip;<\/p>\n","protected":false},"author":20,"featured_media":15039,"comment_status":"closed","ping_status":"open","sticky":false,"template":"","format":"standard","meta":{"_acf_changed":false,"footnotes":""},"categories":[115],"tags":[],"class_list":["post-15066","post","type-post","status-publish","format-standard","has-post-thumbnail","hentry","category-miel-de-maes"],"acf":[],"yoast_head":"<!-- This site is optimized with the Yoast SEO plugin v27.1.1 - https:\/\/yoast.com\/product\/yoast-seo-wordpress\/ -->\n<title>Maes Honey sera pr\u00e9sent \u00e0 la foire Alimentaria - MAES HONEY<\/title>\n<meta name=\"description\" content=\"Nous serons pr\u00e9sents \u00e0 la c\u00e9l\u00e8bre foire Alimentaria en 2022 pour exposer nos miels parmi une multitude de produits de qualit\u00e9.\" \/>\n<meta name=\"robots\" content=\"index, follow, max-snippet:-1, max-image-preview:large, max-video-preview:-1\" \/>\n<link rel=\"canonical\" href=\"https:\/\/maeshoney.com\/fr\/feria-alimentaria-maes-miel\/\" \/>\n<meta property=\"og:locale\" content=\"fr_FR\" \/>\n<meta property=\"og:type\" content=\"article\" \/>\n<meta property=\"og:title\" content=\"Maes Honey sera pr\u00e9sent \u00e0 la foire Alimentaria - MAES HONEY\" \/>\n<meta property=\"og:description\" content=\"Nous serons pr\u00e9sents \u00e0 la c\u00e9l\u00e8bre foire Alimentaria en 2022 pour exposer nos miels parmi une multitude de produits de qualit\u00e9.\" \/>\n<meta property=\"og:url\" content=\"https:\/\/maeshoney.com\/fr\/feria-alimentaria-maes-miel\/\" \/>\n<meta property=\"og:site_name\" content=\"MAES HONEY\" \/>\n<meta property=\"article:published_time\" content=\"2022-03-30T11:53:05+00:00\" \/>\n<meta property=\"article:modified_time\" content=\"2022-07-08T10:01:05+00:00\" \/>\n<meta property=\"og:image\" content=\"https:\/\/maeshoney.com\/wp-content\/uploads\/2022\/03\/Feria-alimentaria-2-1.png\" \/>\n\t<meta property=\"og:image:width\" content=\"1080\" \/>\n\t<meta property=\"og:image:height\" content=\"600\" \/>\n\t<meta property=\"og:image:type\" content=\"image\/png\" \/>\n<meta name=\"author\" content=\"Maes Honey\" \/>\n<meta name=\"twitter:card\" content=\"summary_large_image\" \/>\n<meta name=\"twitter:label1\" content=\"\u00c9crit par\" \/>\n\t<meta name=\"twitter:data1\" content=\"Maes Honey\" \/>\n\t<meta name=\"twitter:label2\" content=\"Dur\u00e9e de lecture estim\u00e9e\" \/>\n\t<meta name=\"twitter:data2\" content=\"3 minutes\" \/>\n<script type=\"application\/ld+json\" class=\"yoast-schema-graph\">{\"@context\":\"https:\/\/schema.org\",\"@graph\":[{\"@type\":\"Article\",\"@id\":\"https:\/\/maeshoney.com\/fr\/feria-alimentaria-maes-miel\/#article\",\"isPartOf\":{\"@id\":\"https:\/\/maeshoney.com\/fr\/feria-alimentaria-maes-miel\/\"},\"author\":{\"name\":\"Maes Honey\",\"@id\":\"https:\/\/maeshoney.com\/#\/schema\/person\/5cf874002647ce98247633bceaf1641d\"},\"headline\":\"Maes Honey sera pr\u00e9sent \u00e0 la foire Alimentaria\",\"datePublished\":\"2022-03-30T11:53:05+00:00\",\"dateModified\":\"2022-07-08T10:01:05+00:00\",\"mainEntityOfPage\":{\"@id\":\"https:\/\/maeshoney.com\/fr\/feria-alimentaria-maes-miel\/\"},\"wordCount\":670,\"publisher\":{\"@id\":\"https:\/\/maeshoney.com\/#organization\"},\"image\":{\"@id\":\"https:\/\/maeshoney.com\/fr\/feria-alimentaria-maes-miel\/#primaryimage\"},\"thumbnailUrl\":\"https:\/\/maeshoney.com\/wp-content\/uploads\/2022\/03\/Feria-alimentaria-2-1.png\",\"articleSection\":[\"Miel de Maes\"],\"inLanguage\":\"fr-FR\"},{\"@type\":\"WebPage\",\"@id\":\"https:\/\/maeshoney.com\/fr\/feria-alimentaria-maes-miel\/\",\"url\":\"https:\/\/maeshoney.com\/fr\/feria-alimentaria-maes-miel\/\",\"name\":\"Maes Honey sera pr\u00e9sent \u00e0 la foire Alimentaria - MAES HONEY\",\"isPartOf\":{\"@id\":\"https:\/\/maeshoney.com\/#website\"},\"primaryImageOfPage\":{\"@id\":\"https:\/\/maeshoney.com\/fr\/feria-alimentaria-maes-miel\/#primaryimage\"},\"image\":{\"@id\":\"https:\/\/maeshoney.com\/fr\/feria-alimentaria-maes-miel\/#primaryimage\"},\"thumbnailUrl\":\"https:\/\/maeshoney.com\/wp-content\/uploads\/2022\/03\/Feria-alimentaria-2-1.png\",\"datePublished\":\"2022-03-30T11:53:05+00:00\",\"dateModified\":\"2022-07-08T10:01:05+00:00\",\"description\":\"Nous serons pr\u00e9sents \u00e0 la c\u00e9l\u00e8bre foire Alimentaria en 2022 pour exposer nos miels parmi une multitude de produits de qualit\u00e9.\",\"breadcrumb\":{\"@id\":\"https:\/\/maeshoney.com\/fr\/feria-alimentaria-maes-miel\/#breadcrumb\"},\"inLanguage\":\"fr-FR\",\"potentialAction\":[{\"@type\":\"ReadAction\",\"target\":[\"https:\/\/maeshoney.com\/fr\/feria-alimentaria-maes-miel\/\"]}]},{\"@type\":\"ImageObject\",\"inLanguage\":\"fr-FR\",\"@id\":\"https:\/\/maeshoney.com\/fr\/feria-alimentaria-maes-miel\/#primaryimage\",\"url\":\"https:\/\/maeshoney.com\/wp-content\/uploads\/2022\/03\/Feria-alimentaria-2-1.png\",\"contentUrl\":\"https:\/\/maeshoney.com\/wp-content\/uploads\/2022\/03\/Feria-alimentaria-2-1.png\",\"width\":1080,\"height\":600,\"caption\":\"Feria alimentaria\"},{\"@type\":\"BreadcrumbList\",\"@id\":\"https:\/\/maeshoney.com\/fr\/feria-alimentaria-maes-miel\/#breadcrumb\",\"itemListElement\":[{\"@type\":\"ListItem\",\"position\":1,\"name\":\"Portada\",\"item\":\"https:\/\/maeshoney.com\/fr\/\"},{\"@type\":\"ListItem\",\"position\":2,\"name\":\"Maes Honey sera pr\u00e9sent \u00e0 la foire Alimentaria\"}]},{\"@type\":\"WebSite\",\"@id\":\"https:\/\/maeshoney.com\/#website\",\"url\":\"https:\/\/maeshoney.com\/\",\"name\":\"MAES HONEY\",\"description\":\"En Maes Honey somos l\u00edderes en la exportaci\u00f3n de miel en Espa\u00f1a. Contamos con una gran capacidad de producci\u00f3n de miel anual.\",\"publisher\":{\"@id\":\"https:\/\/maeshoney.com\/#organization\"},\"potentialAction\":[{\"@type\":\"SearchAction\",\"target\":{\"@type\":\"EntryPoint\",\"urlTemplate\":\"https:\/\/maeshoney.com\/?s={search_term_string}\"},\"query-input\":{\"@type\":\"PropertyValueSpecification\",\"valueRequired\":true,\"valueName\":\"search_term_string\"}}],\"inLanguage\":\"fr-FR\"},{\"@type\":\"Organization\",\"@id\":\"https:\/\/maeshoney.com\/#organization\",\"name\":\"MAES HONEY\",\"url\":\"https:\/\/maeshoney.com\/\",\"logo\":{\"@type\":\"ImageObject\",\"inLanguage\":\"fr-FR\",\"@id\":\"https:\/\/maeshoney.com\/#\/schema\/logo\/image\/\",\"url\":\"https:\/\/maeshoney.com\/wp-content\/uploads\/2023\/11\/maes-honey-logo-es.png\",\"contentUrl\":\"https:\/\/maeshoney.com\/wp-content\/uploads\/2023\/11\/maes-honey-logo-es.png\",\"width\":157,\"height\":66,\"caption\":\"MAES HONEY\"},\"image\":{\"@id\":\"https:\/\/maeshoney.com\/#\/schema\/logo\/image\/\"}},{\"@type\":\"Person\",\"@id\":\"https:\/\/maeshoney.com\/#\/schema\/person\/5cf874002647ce98247633bceaf1641d\",\"name\":\"Maes Honey\",\"image\":{\"@type\":\"ImageObject\",\"inLanguage\":\"fr-FR\",\"@id\":\"https:\/\/maeshoney.com\/#\/schema\/person\/image\/\",\"url\":\"https:\/\/secure.gravatar.com\/avatar\/93b9711a2ec5c6e5eac330335a9276e015de93f7e8de8011ed0a8793f9d0226c?s=96&d=mm&r=g\",\"contentUrl\":\"https:\/\/secure.gravatar.com\/avatar\/93b9711a2ec5c6e5eac330335a9276e015de93f7e8de8011ed0a8793f9d0226c?s=96&d=mm&r=g\",\"caption\":\"Maes Honey\"}}]}<\/script>\n<!-- \/ Yoast SEO plugin. -->","yoast_head_json":{"title":"Maes Honey sera pr\u00e9sent \u00e0 la foire Alimentaria - MAES HONEY","description":"Nous serons pr\u00e9sents \u00e0 la c\u00e9l\u00e8bre foire Alimentaria en 2022 pour exposer nos miels parmi une multitude de produits de qualit\u00e9.","robots":{"index":"index","follow":"follow","max-snippet":"max-snippet:-1","max-image-preview":"max-image-preview:large","max-video-preview":"max-video-preview:-1"},"canonical":"https:\/\/maeshoney.com\/fr\/feria-alimentaria-maes-miel\/","og_locale":"fr_FR","og_type":"article","og_title":"Maes Honey sera pr\u00e9sent \u00e0 la foire Alimentaria - MAES HONEY","og_description":"Nous serons pr\u00e9sents \u00e0 la c\u00e9l\u00e8bre foire Alimentaria en 2022 pour exposer nos miels parmi une multitude de produits de qualit\u00e9.","og_url":"https:\/\/maeshoney.com\/fr\/feria-alimentaria-maes-miel\/","og_site_name":"MAES HONEY","article_published_time":"2022-03-30T11:53:05+00:00","article_modified_time":"2022-07-08T10:01:05+00:00","og_image":[{"width":1080,"height":600,"url":"https:\/\/maeshoney.com\/wp-content\/uploads\/2022\/03\/Feria-alimentaria-2-1.png","type":"image\/png"}],"author":"Maes Honey","twitter_card":"summary_large_image","twitter_misc":{"\u00c9crit par":"Maes Honey","Dur\u00e9e de lecture estim\u00e9e":"3 minutes"},"schema":{"@context":"https:\/\/schema.org","@graph":[{"@type":"Article","@id":"https:\/\/maeshoney.com\/fr\/feria-alimentaria-maes-miel\/#article","isPartOf":{"@id":"https:\/\/maeshoney.com\/fr\/feria-alimentaria-maes-miel\/"},"author":{"name":"Maes Honey","@id":"https:\/\/maeshoney.com\/#\/schema\/person\/5cf874002647ce98247633bceaf1641d"},"headline":"Maes Honey sera pr\u00e9sent \u00e0 la foire Alimentaria","datePublished":"2022-03-30T11:53:05+00:00","dateModified":"2022-07-08T10:01:05+00:00","mainEntityOfPage":{"@id":"https:\/\/maeshoney.com\/fr\/feria-alimentaria-maes-miel\/"},"wordCount":670,"publisher":{"@id":"https:\/\/maeshoney.com\/#organization"},"image":{"@id":"https:\/\/maeshoney.com\/fr\/feria-alimentaria-maes-miel\/#primaryimage"},"thumbnailUrl":"https:\/\/maeshoney.com\/wp-content\/uploads\/2022\/03\/Feria-alimentaria-2-1.png","articleSection":["Miel de Maes"],"inLanguage":"fr-FR"},{"@type":"WebPage","@id":"https:\/\/maeshoney.com\/fr\/feria-alimentaria-maes-miel\/","url":"https:\/\/maeshoney.com\/fr\/feria-alimentaria-maes-miel\/","name":"Maes Honey sera pr\u00e9sent \u00e0 la foire Alimentaria - MAES HONEY","isPartOf":{"@id":"https:\/\/maeshoney.com\/#website"},"primaryImageOfPage":{"@id":"https:\/\/maeshoney.com\/fr\/feria-alimentaria-maes-miel\/#primaryimage"},"image":{"@id":"https:\/\/maeshoney.com\/fr\/feria-alimentaria-maes-miel\/#primaryimage"},"thumbnailUrl":"https:\/\/maeshoney.com\/wp-content\/uploads\/2022\/03\/Feria-alimentaria-2-1.png","datePublished":"2022-03-30T11:53:05+00:00","dateModified":"2022-07-08T10:01:05+00:00","description":"Nous serons pr\u00e9sents \u00e0 la c\u00e9l\u00e8bre foire Alimentaria en 2022 pour exposer nos miels parmi une multitude de produits de qualit\u00e9.","breadcrumb":{"@id":"https:\/\/maeshoney.com\/fr\/feria-alimentaria-maes-miel\/#breadcrumb"},"inLanguage":"fr-FR","potentialAction":[{"@type":"ReadAction","target":["https:\/\/maeshoney.com\/fr\/feria-alimentaria-maes-miel\/"]}]},{"@type":"ImageObject","inLanguage":"fr-FR","@id":"https:\/\/maeshoney.com\/fr\/feria-alimentaria-maes-miel\/#primaryimage","url":"https:\/\/maeshoney.com\/wp-content\/uploads\/2022\/03\/Feria-alimentaria-2-1.png","contentUrl":"https:\/\/maeshoney.com\/wp-content\/uploads\/2022\/03\/Feria-alimentaria-2-1.png","width":1080,"height":600,"caption":"Feria alimentaria"},{"@type":"BreadcrumbList","@id":"https:\/\/maeshoney.com\/fr\/feria-alimentaria-maes-miel\/#breadcrumb","itemListElement":[{"@type":"ListItem","position":1,"name":"Portada","item":"https:\/\/maeshoney.com\/fr\/"},{"@type":"ListItem","position":2,"name":"Maes Honey sera pr\u00e9sent \u00e0 la foire Alimentaria"}]},{"@type":"WebSite","@id":"https:\/\/maeshoney.com\/#website","url":"https:\/\/maeshoney.com\/","name":"MAES HONEY","description":"En Maes Honey somos l\u00edderes en la exportaci\u00f3n de miel en Espa\u00f1a. Contamos con una gran capacidad de producci\u00f3n de miel anual.","publisher":{"@id":"https:\/\/maeshoney.com\/#organization"},"potentialAction":[{"@type":"SearchAction","target":{"@type":"EntryPoint","urlTemplate":"https:\/\/maeshoney.com\/?s={search_term_string}"},"query-input":{"@type":"PropertyValueSpecification","valueRequired":true,"valueName":"search_term_string"}}],"inLanguage":"fr-FR"},{"@type":"Organization","@id":"https:\/\/maeshoney.com\/#organization","name":"MAES HONEY","url":"https:\/\/maeshoney.com\/","logo":{"@type":"ImageObject","inLanguage":"fr-FR","@id":"https:\/\/maeshoney.com\/#\/schema\/logo\/image\/","url":"https:\/\/maeshoney.com\/wp-content\/uploads\/2023\/11\/maes-honey-logo-es.png","contentUrl":"https:\/\/maeshoney.com\/wp-content\/uploads\/2023\/11\/maes-honey-logo-es.png","width":157,"height":66,"caption":"MAES HONEY"},"image":{"@id":"https:\/\/maeshoney.com\/#\/schema\/logo\/image\/"}},{"@type":"Person","@id":"https:\/\/maeshoney.com\/#\/schema\/person\/5cf874002647ce98247633bceaf1641d","name":"Maes Honey","image":{"@type":"ImageObject","inLanguage":"fr-FR","@id":"https:\/\/maeshoney.com\/#\/schema\/person\/image\/","url":"https:\/\/secure.gravatar.com\/avatar\/93b9711a2ec5c6e5eac330335a9276e015de93f7e8de8011ed0a8793f9d0226c?s=96&d=mm&r=g","contentUrl":"https:\/\/secure.gravatar.com\/avatar\/93b9711a2ec5c6e5eac330335a9276e015de93f7e8de8011ed0a8793f9d0226c?s=96&d=mm&r=g","caption":"Maes Honey"}}]}},"_links":{"self":[{"href":"https:\/\/maeshoney.com\/fr\/wp-json\/wp\/v2\/posts\/15066","targetHints":{"allow":["GET"]}}],"collection":[{"href":"https:\/\/maeshoney.com\/fr\/wp-json\/wp\/v2\/posts"}],"about":[{"href":"https:\/\/maeshoney.com\/fr\/wp-json\/wp\/v2\/types\/post"}],"author":[{"embeddable":true,"href":"https:\/\/maeshoney.com\/fr\/wp-json\/wp\/v2\/users\/20"}],"replies":[{"embeddable":true,"href":"https:\/\/maeshoney.com\/fr\/wp-json\/wp\/v2\/comments?post=15066"}],"version-history":[{"count":0,"href":"https:\/\/maeshoney.com\/fr\/wp-json\/wp\/v2\/posts\/15066\/revisions"}],"wp:featuredmedia":[{"embeddable":true,"href":"https:\/\/maeshoney.com\/fr\/wp-json\/wp\/v2\/media\/15039"}],"wp:attachment":[{"href":"https:\/\/maeshoney.com\/fr\/wp-json\/wp\/v2\/media?parent=15066"}],"wp:term":[{"taxonomy":"category","embeddable":true,"href":"https:\/\/maeshoney.com\/fr\/wp-json\/wp\/v2\/categories?post=15066"},{"taxonomy":"post_tag","embeddable":true,"href":"https:\/\/maeshoney.com\/fr\/wp-json\/wp\/v2\/tags?post=15066"}],"curies":[{"name":"wp","href":"https:\/\/api.w.org\/{rel}","templated":true}]}}