{"id":12001,"date":"2020-11-17T12:12:03","date_gmt":"2020-11-17T12:12:03","guid":{"rendered":"https:\/\/maeshoney.com\/?p=12001"},"modified":"2020-11-17T12:12:04","modified_gmt":"2020-11-17T12:12:04","slug":"interview-avec-cesar-redondo-directeur-de-maes-honey","status":"publish","type":"post","link":"https:\/\/maeshoney.com\/fr\/interview-avec-cesar-redondo-directeur-de-maes-honey\/","title":{"rendered":"Interview avec C\u00e9sar Redondo, directeur de Maes Honey"},"content":{"rendered":"\n<p>La \u00ab\u00a0Fondation g\u00e9n\u00e9rale de l&rsquo;Universit\u00e9 de Salamanque\u00a0\u00bb a interview\u00e9 notre directeur g\u00e9n\u00e9ral, C\u00e9sar Redondo. Ils ont surtout \u00e9t\u00e9 int\u00e9ress\u00e9s par le bilan de 2017 et les perspectives pour ce 2018.&nbsp;Interview avec C\u00e9sar Redondo, directeur de Maes Honey.<br>&nbsp;<br>C\u00e9sar Redondo explique le changement de nom de Maes, anciennement Feyce. \u00ab\u00a0Nous sommes toujours la m\u00eame \u00e9quipe car avec ce nouveau nom nous voulions honorer mes grands-parents. Manuela et Esteban, qui ont \u00e9t\u00e9 ceux qui m&rsquo;ont initi\u00e9 au monde du miel. De l&rsquo;autre, montrer une image plus internationale.&nbsp; Avec un nouveau facile \u00e0 prononcer \u00e0 l&rsquo;\u00e9tranger. \u00a0\u00bb \u00ab\u00a0Exporter 80% de la production a rendu n\u00e9cessaire pendant longtemps de voir le besoin de changement.\u00a0\u00bb<br>&nbsp;<br>Un changement d&rsquo;image que le directeur de Maes valorise avec l&rsquo;aide de toute l&rsquo;\u00e9quipe de son entreprise. \u00ab\u00a0Mais je voudrais aussi souligner que pour moi la famille est bien plus que le Redondo. Maes est form\u00e9 par une grande \u00e9quipe de professionnels que j&rsquo;appr\u00e9cie et avec qui j&rsquo;ai consult\u00e9 beaucoup chaque mesure que j&rsquo;allais prendre. Nous marchons tous ensemble dans une direction et il est important d&rsquo;\u00e9couter les contributions pour enrichir l&rsquo;entreprise autant que possible. \u00ab\u00a0<\/p>\n\n\n\n<h5 class=\"wp-block-heading\">La valorisation de 2017<\/h5>\n\n\n\n<p>\u00c0 propos de la valorisation de 2017, C\u00e9sar d\u00e9clare. \u00abDans MAES Honey, 2017 a \u00e9t\u00e9 une ann\u00e9e pleine de d\u00e9fis. D&rsquo;une part, le temps a rendu la r\u00e9colte espagnole tr\u00e8s rare, ce qui nous oblige \u00e0 travailler dur pour obtenir assez de miel pour nos clients. Et nous avons tellement essay\u00e9 de d\u00e9passer nos propres attentes. En obtenant une grande satisfaction des consommateurs. D&rsquo;autre part, nous avons incorpor\u00e9 de nouveaux formats tels que le pot de miel et de nouveaux produits plus exclusifs tels que le miel mono-floral d&rsquo;acacia.\u00a0\u00bb<\/p>\n\n\n\n<h5 class=\"wp-block-heading\">Les attentes de 2018<\/h5>\n\n\n\n<p>Parmi les attentes de 2018, notre directeur souligne qu &lsquo;\u00ab\u00e0 court terme, nous devons continuer \u00e0 offrir des produits sur mesure de la plus haute qualit\u00e9, mais \u00e0 moyen et long terme nous continuerons \u00e0 actualiser l&rsquo;image et le produit sur chaque march\u00e9. \u00c9largissant \u00e9galement notre gamme et donc nos lignes afin que l&#8217;emballage s&rsquo;adapte parfaitement \u00e0 chaque pays. Et bien s\u00fbr, pour continuer \u00e0 d\u00e9velopper notre capacit\u00e9 de production dans laquelle nous nous sommes fix\u00e9s l&rsquo;objectif de produire 12 000 tonnes en 2020.\u00a0\u00bb<br>&nbsp;<br>Pour conclure, soulignons que MAES Honey continuera \u00e0 mettre l&rsquo;accent sur l&rsquo;innovation. \u00ab\u00a0Pour le reste, nous continuerons comme d&rsquo;habitude, en travaillant dur pour continuer \u00e0 \u00eatre le plus grand exportateur de miel en Espagne.&nbsp; Notre objectif en 2020 est de figurer parmi les 10 plus gros conditionneurs de miel en Europe et cela ne peut \u00eatre r\u00e9alis\u00e9 qu&rsquo;avec effort.\u00a0\u00bb \u00ab\u00a0Bien que nous disposions de la machine d&#8217;emballage la plus moderne du sud de l&rsquo;Europe, vous n&rsquo;avez pas \u00e0 vous contenter de cela. Actuellement, les march\u00e9s sont tr\u00e8s dynamiques et nous devons \u00eatre vigilants. \u00ab\u00a0<\/p>\n","protected":false},"excerpt":{"rendered":"<p>La \u00ab\u00a0Fondation g\u00e9n\u00e9rale de l&rsquo;Universit\u00e9 de Salamanque\u00a0\u00bb a interview\u00e9 notre directeur g\u00e9n\u00e9ral, C\u00e9sar Redondo. Ils ont surtout \u00e9t\u00e9 int\u00e9ress\u00e9s par le bilan de 2017 et les perspectives pour ce 2018.&nbsp;Interview&hellip;<\/p>\n","protected":false},"author":20,"featured_media":11201,"comment_status":"closed","ping_status":"closed","sticky":false,"template":"","format":"standard","meta":{"_acf_changed":false,"footnotes":""},"categories":[106,107,115,97],"tags":[],"class_list":["post-12001","post","type-post","status-publish","format-standard","has-post-thumbnail","hentry","category-distribution-du-miel","category-exportation-de-miel","category-miel-de-maes","category-non-classifiee"],"acf":[],"yoast_head":"<!-- This site is optimized with the Yoast SEO plugin v27.1.1 - https:\/\/yoast.com\/product\/yoast-seo-wordpress\/ -->\n<title>Interview avec C\u00e9sar Redondo, directeur de Maes Honey - MAES HONEY<\/title>\n<meta name=\"robots\" content=\"index, follow, max-snippet:-1, max-image-preview:large, max-video-preview:-1\" \/>\n<link rel=\"canonical\" href=\"https:\/\/maeshoney.com\/fr\/interview-avec-cesar-redondo-directeur-de-maes-honey\/\" \/>\n<meta property=\"og:locale\" content=\"fr_FR\" \/>\n<meta property=\"og:type\" content=\"article\" \/>\n<meta property=\"og:title\" content=\"Interview avec C\u00e9sar Redondo, directeur de Maes Honey - MAES HONEY\" \/>\n<meta property=\"og:description\" content=\"La \u00ab\u00a0Fondation g\u00e9n\u00e9rale de l&rsquo;Universit\u00e9 de Salamanque\u00a0\u00bb a interview\u00e9 notre directeur g\u00e9n\u00e9ral, C\u00e9sar Redondo. Ils ont surtout \u00e9t\u00e9 int\u00e9ress\u00e9s par le bilan de 2017 et les perspectives pour ce 2018.&nbsp;Interview&hellip;\" \/>\n<meta property=\"og:url\" content=\"https:\/\/maeshoney.com\/fr\/interview-avec-cesar-redondo-directeur-de-maes-honey\/\" \/>\n<meta property=\"og:site_name\" content=\"MAES HONEY\" \/>\n<meta property=\"article:published_time\" content=\"2020-11-17T12:12:03+00:00\" \/>\n<meta property=\"article:modified_time\" content=\"2020-11-17T12:12:04+00:00\" \/>\n<meta property=\"og:image\" content=\"https:\/\/maeshoney.com\/wp-content\/uploads\/2018\/03\/entrevista-cesar-maes-honey.jpg\" \/>\n\t<meta property=\"og:image:width\" content=\"1100\" \/>\n\t<meta property=\"og:image:height\" content=\"943\" \/>\n\t<meta property=\"og:image:type\" content=\"image\/jpeg\" \/>\n<meta name=\"author\" content=\"Maes Honey\" \/>\n<meta name=\"twitter:card\" content=\"summary_large_image\" \/>\n<meta name=\"twitter:label1\" content=\"\u00c9crit par\" \/>\n\t<meta name=\"twitter:data1\" content=\"Maes Honey\" \/>\n\t<meta name=\"twitter:label2\" content=\"Dur\u00e9e de lecture estim\u00e9e\" \/>\n\t<meta name=\"twitter:data2\" content=\"2 minutes\" \/>\n<script type=\"application\/ld+json\" class=\"yoast-schema-graph\">{\"@context\":\"https:\/\/schema.org\",\"@graph\":[{\"@type\":\"Article\",\"@id\":\"https:\/\/maeshoney.com\/fr\/interview-avec-cesar-redondo-directeur-de-maes-honey\/#article\",\"isPartOf\":{\"@id\":\"https:\/\/maeshoney.com\/fr\/interview-avec-cesar-redondo-directeur-de-maes-honey\/\"},\"author\":{\"name\":\"Maes Honey\",\"@id\":\"https:\/\/maeshoney.com\/#\/schema\/person\/5cf874002647ce98247633bceaf1641d\"},\"headline\":\"Interview avec C\u00e9sar Redondo, directeur de Maes Honey\",\"datePublished\":\"2020-11-17T12:12:03+00:00\",\"dateModified\":\"2020-11-17T12:12:04+00:00\",\"mainEntityOfPage\":{\"@id\":\"https:\/\/maeshoney.com\/fr\/interview-avec-cesar-redondo-directeur-de-maes-honey\/\"},\"wordCount\":477,\"publisher\":{\"@id\":\"https:\/\/maeshoney.com\/#organization\"},\"image\":{\"@id\":\"https:\/\/maeshoney.com\/fr\/interview-avec-cesar-redondo-directeur-de-maes-honey\/#primaryimage\"},\"thumbnailUrl\":\"https:\/\/maeshoney.com\/wp-content\/uploads\/2018\/03\/entrevista-cesar-maes-honey.jpg\",\"articleSection\":[\"Distribution du miel\",\"Exportation de miel\",\"Miel de Maes\",\"Non classifi\u00e9(e)\"],\"inLanguage\":\"fr-FR\"},{\"@type\":\"WebPage\",\"@id\":\"https:\/\/maeshoney.com\/fr\/interview-avec-cesar-redondo-directeur-de-maes-honey\/\",\"url\":\"https:\/\/maeshoney.com\/fr\/interview-avec-cesar-redondo-directeur-de-maes-honey\/\",\"name\":\"Interview avec C\u00e9sar Redondo, directeur de Maes Honey - MAES HONEY\",\"isPartOf\":{\"@id\":\"https:\/\/maeshoney.com\/#website\"},\"primaryImageOfPage\":{\"@id\":\"https:\/\/maeshoney.com\/fr\/interview-avec-cesar-redondo-directeur-de-maes-honey\/#primaryimage\"},\"image\":{\"@id\":\"https:\/\/maeshoney.com\/fr\/interview-avec-cesar-redondo-directeur-de-maes-honey\/#primaryimage\"},\"thumbnailUrl\":\"https:\/\/maeshoney.com\/wp-content\/uploads\/2018\/03\/entrevista-cesar-maes-honey.jpg\",\"datePublished\":\"2020-11-17T12:12:03+00:00\",\"dateModified\":\"2020-11-17T12:12:04+00:00\",\"breadcrumb\":{\"@id\":\"https:\/\/maeshoney.com\/fr\/interview-avec-cesar-redondo-directeur-de-maes-honey\/#breadcrumb\"},\"inLanguage\":\"fr-FR\",\"potentialAction\":[{\"@type\":\"ReadAction\",\"target\":[\"https:\/\/maeshoney.com\/fr\/interview-avec-cesar-redondo-directeur-de-maes-honey\/\"]}]},{\"@type\":\"ImageObject\",\"inLanguage\":\"fr-FR\",\"@id\":\"https:\/\/maeshoney.com\/fr\/interview-avec-cesar-redondo-directeur-de-maes-honey\/#primaryimage\",\"url\":\"https:\/\/maeshoney.com\/wp-content\/uploads\/2018\/03\/entrevista-cesar-maes-honey.jpg\",\"contentUrl\":\"https:\/\/maeshoney.com\/wp-content\/uploads\/2018\/03\/entrevista-cesar-maes-honey.jpg\",\"width\":1100,\"height\":943,\"caption\":\"alimentaria 2018\"},{\"@type\":\"BreadcrumbList\",\"@id\":\"https:\/\/maeshoney.com\/fr\/interview-avec-cesar-redondo-directeur-de-maes-honey\/#breadcrumb\",\"itemListElement\":[{\"@type\":\"ListItem\",\"position\":1,\"name\":\"Portada\",\"item\":\"https:\/\/maeshoney.com\/fr\/\"},{\"@type\":\"ListItem\",\"position\":2,\"name\":\"Interview avec C\u00e9sar Redondo, directeur de Maes Honey\"}]},{\"@type\":\"WebSite\",\"@id\":\"https:\/\/maeshoney.com\/#website\",\"url\":\"https:\/\/maeshoney.com\/\",\"name\":\"MAES HONEY\",\"description\":\"En Maes Honey somos l\u00edderes en la exportaci\u00f3n de miel en Espa\u00f1a. Contamos con una gran capacidad de producci\u00f3n de miel anual.\",\"publisher\":{\"@id\":\"https:\/\/maeshoney.com\/#organization\"},\"potentialAction\":[{\"@type\":\"SearchAction\",\"target\":{\"@type\":\"EntryPoint\",\"urlTemplate\":\"https:\/\/maeshoney.com\/?s={search_term_string}\"},\"query-input\":{\"@type\":\"PropertyValueSpecification\",\"valueRequired\":true,\"valueName\":\"search_term_string\"}}],\"inLanguage\":\"fr-FR\"},{\"@type\":\"Organization\",\"@id\":\"https:\/\/maeshoney.com\/#organization\",\"name\":\"MAES HONEY\",\"url\":\"https:\/\/maeshoney.com\/\",\"logo\":{\"@type\":\"ImageObject\",\"inLanguage\":\"fr-FR\",\"@id\":\"https:\/\/maeshoney.com\/#\/schema\/logo\/image\/\",\"url\":\"https:\/\/maeshoney.com\/wp-content\/uploads\/2023\/11\/maes-honey-logo-es.png\",\"contentUrl\":\"https:\/\/maeshoney.com\/wp-content\/uploads\/2023\/11\/maes-honey-logo-es.png\",\"width\":157,\"height\":66,\"caption\":\"MAES HONEY\"},\"image\":{\"@id\":\"https:\/\/maeshoney.com\/#\/schema\/logo\/image\/\"}},{\"@type\":\"Person\",\"@id\":\"https:\/\/maeshoney.com\/#\/schema\/person\/5cf874002647ce98247633bceaf1641d\",\"name\":\"Maes Honey\",\"image\":{\"@type\":\"ImageObject\",\"inLanguage\":\"fr-FR\",\"@id\":\"https:\/\/maeshoney.com\/#\/schema\/person\/image\/\",\"url\":\"https:\/\/secure.gravatar.com\/avatar\/93b9711a2ec5c6e5eac330335a9276e015de93f7e8de8011ed0a8793f9d0226c?s=96&d=mm&r=g\",\"contentUrl\":\"https:\/\/secure.gravatar.com\/avatar\/93b9711a2ec5c6e5eac330335a9276e015de93f7e8de8011ed0a8793f9d0226c?s=96&d=mm&r=g\",\"caption\":\"Maes Honey\"}}]}<\/script>\n<!-- \/ Yoast SEO plugin. -->","yoast_head_json":{"title":"Interview avec C\u00e9sar Redondo, directeur de Maes Honey - MAES HONEY","robots":{"index":"index","follow":"follow","max-snippet":"max-snippet:-1","max-image-preview":"max-image-preview:large","max-video-preview":"max-video-preview:-1"},"canonical":"https:\/\/maeshoney.com\/fr\/interview-avec-cesar-redondo-directeur-de-maes-honey\/","og_locale":"fr_FR","og_type":"article","og_title":"Interview avec C\u00e9sar Redondo, directeur de Maes Honey - MAES HONEY","og_description":"La \u00ab\u00a0Fondation g\u00e9n\u00e9rale de l&rsquo;Universit\u00e9 de Salamanque\u00a0\u00bb a interview\u00e9 notre directeur g\u00e9n\u00e9ral, C\u00e9sar Redondo. Ils ont surtout \u00e9t\u00e9 int\u00e9ress\u00e9s par le bilan de 2017 et les perspectives pour ce 2018.&nbsp;Interview&hellip;","og_url":"https:\/\/maeshoney.com\/fr\/interview-avec-cesar-redondo-directeur-de-maes-honey\/","og_site_name":"MAES HONEY","article_published_time":"2020-11-17T12:12:03+00:00","article_modified_time":"2020-11-17T12:12:04+00:00","og_image":[{"width":1100,"height":943,"url":"https:\/\/maeshoney.com\/wp-content\/uploads\/2018\/03\/entrevista-cesar-maes-honey.jpg","type":"image\/jpeg"}],"author":"Maes Honey","twitter_card":"summary_large_image","twitter_misc":{"\u00c9crit par":"Maes Honey","Dur\u00e9e de lecture estim\u00e9e":"2 minutes"},"schema":{"@context":"https:\/\/schema.org","@graph":[{"@type":"Article","@id":"https:\/\/maeshoney.com\/fr\/interview-avec-cesar-redondo-directeur-de-maes-honey\/#article","isPartOf":{"@id":"https:\/\/maeshoney.com\/fr\/interview-avec-cesar-redondo-directeur-de-maes-honey\/"},"author":{"name":"Maes Honey","@id":"https:\/\/maeshoney.com\/#\/schema\/person\/5cf874002647ce98247633bceaf1641d"},"headline":"Interview avec C\u00e9sar Redondo, directeur de Maes Honey","datePublished":"2020-11-17T12:12:03+00:00","dateModified":"2020-11-17T12:12:04+00:00","mainEntityOfPage":{"@id":"https:\/\/maeshoney.com\/fr\/interview-avec-cesar-redondo-directeur-de-maes-honey\/"},"wordCount":477,"publisher":{"@id":"https:\/\/maeshoney.com\/#organization"},"image":{"@id":"https:\/\/maeshoney.com\/fr\/interview-avec-cesar-redondo-directeur-de-maes-honey\/#primaryimage"},"thumbnailUrl":"https:\/\/maeshoney.com\/wp-content\/uploads\/2018\/03\/entrevista-cesar-maes-honey.jpg","articleSection":["Distribution du miel","Exportation de miel","Miel de Maes","Non classifi\u00e9(e)"],"inLanguage":"fr-FR"},{"@type":"WebPage","@id":"https:\/\/maeshoney.com\/fr\/interview-avec-cesar-redondo-directeur-de-maes-honey\/","url":"https:\/\/maeshoney.com\/fr\/interview-avec-cesar-redondo-directeur-de-maes-honey\/","name":"Interview avec C\u00e9sar Redondo, directeur de Maes Honey - MAES HONEY","isPartOf":{"@id":"https:\/\/maeshoney.com\/#website"},"primaryImageOfPage":{"@id":"https:\/\/maeshoney.com\/fr\/interview-avec-cesar-redondo-directeur-de-maes-honey\/#primaryimage"},"image":{"@id":"https:\/\/maeshoney.com\/fr\/interview-avec-cesar-redondo-directeur-de-maes-honey\/#primaryimage"},"thumbnailUrl":"https:\/\/maeshoney.com\/wp-content\/uploads\/2018\/03\/entrevista-cesar-maes-honey.jpg","datePublished":"2020-11-17T12:12:03+00:00","dateModified":"2020-11-17T12:12:04+00:00","breadcrumb":{"@id":"https:\/\/maeshoney.com\/fr\/interview-avec-cesar-redondo-directeur-de-maes-honey\/#breadcrumb"},"inLanguage":"fr-FR","potentialAction":[{"@type":"ReadAction","target":["https:\/\/maeshoney.com\/fr\/interview-avec-cesar-redondo-directeur-de-maes-honey\/"]}]},{"@type":"ImageObject","inLanguage":"fr-FR","@id":"https:\/\/maeshoney.com\/fr\/interview-avec-cesar-redondo-directeur-de-maes-honey\/#primaryimage","url":"https:\/\/maeshoney.com\/wp-content\/uploads\/2018\/03\/entrevista-cesar-maes-honey.jpg","contentUrl":"https:\/\/maeshoney.com\/wp-content\/uploads\/2018\/03\/entrevista-cesar-maes-honey.jpg","width":1100,"height":943,"caption":"alimentaria 2018"},{"@type":"BreadcrumbList","@id":"https:\/\/maeshoney.com\/fr\/interview-avec-cesar-redondo-directeur-de-maes-honey\/#breadcrumb","itemListElement":[{"@type":"ListItem","position":1,"name":"Portada","item":"https:\/\/maeshoney.com\/fr\/"},{"@type":"ListItem","position":2,"name":"Interview avec C\u00e9sar Redondo, directeur de Maes Honey"}]},{"@type":"WebSite","@id":"https:\/\/maeshoney.com\/#website","url":"https:\/\/maeshoney.com\/","name":"MAES HONEY","description":"En Maes Honey somos l\u00edderes en la exportaci\u00f3n de miel en Espa\u00f1a. Contamos con una gran capacidad de producci\u00f3n de miel anual.","publisher":{"@id":"https:\/\/maeshoney.com\/#organization"},"potentialAction":[{"@type":"SearchAction","target":{"@type":"EntryPoint","urlTemplate":"https:\/\/maeshoney.com\/?s={search_term_string}"},"query-input":{"@type":"PropertyValueSpecification","valueRequired":true,"valueName":"search_term_string"}}],"inLanguage":"fr-FR"},{"@type":"Organization","@id":"https:\/\/maeshoney.com\/#organization","name":"MAES HONEY","url":"https:\/\/maeshoney.com\/","logo":{"@type":"ImageObject","inLanguage":"fr-FR","@id":"https:\/\/maeshoney.com\/#\/schema\/logo\/image\/","url":"https:\/\/maeshoney.com\/wp-content\/uploads\/2023\/11\/maes-honey-logo-es.png","contentUrl":"https:\/\/maeshoney.com\/wp-content\/uploads\/2023\/11\/maes-honey-logo-es.png","width":157,"height":66,"caption":"MAES HONEY"},"image":{"@id":"https:\/\/maeshoney.com\/#\/schema\/logo\/image\/"}},{"@type":"Person","@id":"https:\/\/maeshoney.com\/#\/schema\/person\/5cf874002647ce98247633bceaf1641d","name":"Maes Honey","image":{"@type":"ImageObject","inLanguage":"fr-FR","@id":"https:\/\/maeshoney.com\/#\/schema\/person\/image\/","url":"https:\/\/secure.gravatar.com\/avatar\/93b9711a2ec5c6e5eac330335a9276e015de93f7e8de8011ed0a8793f9d0226c?s=96&d=mm&r=g","contentUrl":"https:\/\/secure.gravatar.com\/avatar\/93b9711a2ec5c6e5eac330335a9276e015de93f7e8de8011ed0a8793f9d0226c?s=96&d=mm&r=g","caption":"Maes Honey"}}]}},"_links":{"self":[{"href":"https:\/\/maeshoney.com\/fr\/wp-json\/wp\/v2\/posts\/12001","targetHints":{"allow":["GET"]}}],"collection":[{"href":"https:\/\/maeshoney.com\/fr\/wp-json\/wp\/v2\/posts"}],"about":[{"href":"https:\/\/maeshoney.com\/fr\/wp-json\/wp\/v2\/types\/post"}],"author":[{"embeddable":true,"href":"https:\/\/maeshoney.com\/fr\/wp-json\/wp\/v2\/users\/20"}],"replies":[{"embeddable":true,"href":"https:\/\/maeshoney.com\/fr\/wp-json\/wp\/v2\/comments?post=12001"}],"version-history":[{"count":0,"href":"https:\/\/maeshoney.com\/fr\/wp-json\/wp\/v2\/posts\/12001\/revisions"}],"wp:featuredmedia":[{"embeddable":true,"href":"https:\/\/maeshoney.com\/fr\/wp-json\/wp\/v2\/media\/11201"}],"wp:attachment":[{"href":"https:\/\/maeshoney.com\/fr\/wp-json\/wp\/v2\/media?parent=12001"}],"wp:term":[{"taxonomy":"category","embeddable":true,"href":"https:\/\/maeshoney.com\/fr\/wp-json\/wp\/v2\/categories?post=12001"},{"taxonomy":"post_tag","embeddable":true,"href":"https:\/\/maeshoney.com\/fr\/wp-json\/wp\/v2\/tags?post=12001"}],"curies":[{"name":"wp","href":"https:\/\/api.w.org\/{rel}","templated":true}]}}