{"id":11983,"date":"2020-11-17T12:04:56","date_gmt":"2020-11-17T12:04:56","guid":{"rendered":"https:\/\/maeshoney.com\/?p=11983"},"modified":"2020-11-17T12:04:56","modified_gmt":"2020-11-17T12:04:56","slug":"12-mai-journee-europeenne-de-la-pme","status":"publish","type":"post","link":"https:\/\/maeshoney.com\/fr\/12-mai-journee-europeenne-de-la-pme\/","title":{"rendered":"12 mai Journ\u00e9e europ\u00e9enne de la PME"},"content":{"rendered":"\n<p>Le 12 mai, la Journ\u00e9e europ\u00e9enne des petites et moyennes entreprises (PME) est c\u00e9l\u00e9br\u00e9e. Une petite reconnaissance \u00e0 ces petites et moyennes entreprises qui, avec beaucoup de sacrifices, ont r\u00e9ussi \u00e0 devenir le moteur de l&rsquo;\u00e9conomie. 12 mai Journ\u00e9e europ\u00e9enne de la PME.<br>En Espagne, 3.182.321 entreprises sont dans cette cat\u00e9gorie, selon le rapport \u00ab\u00a0Portrait de la PME\u00a0\u00bb du minist\u00e8re de l&rsquo;Industrie. En 2016, 99,9% du nombre total d&rsquo;entreprises dans notre pays.<br>La PME contribue financi\u00e8rement, directement et indirectement, \u00e0 fournir \u00e0 l&rsquo;\u00c9tat la plupart de ses ressources budg\u00e9taires. En outre, il joue un r\u00f4le pr\u00e9dominant dans l&rsquo;innovation technologique et dans le d\u00e9veloppement de nouveaux secteurs d&rsquo;activit\u00e9 \u00e9conomique.<\/p>\n\n\n\n<h4 class=\"wp-block-heading\">&nbsp;Maes Honey, une PME qui exporte 80% du miel de Salamanque<\/h4>\n\n\n\n<p>Dans Maes Honey, l&rsquo;\u00e9quilibre de 2,017 a \u00e9t\u00e9 positif, nous sommes une PME avec une grande exp\u00e9rience dans le secteur du miel espagnol.<br>Le travail et la position de MAES HONEY n&rsquo;est pas facile, car il doit toujours rechercher la satisfaction maximale des fournisseurs et des clients, en r\u00e9alisant un \u00e9quilibre sur le march\u00e9.<br>Nous sommes une entreprise familiale avec plus de 100 ans d&rsquo;exp\u00e9rience, actuellement pr\u00e9sente dans plus de 33 pays sur 5 continents. Nous poss\u00e9dons la plus grande usine de conditionnement de miel en Espagne et la plus moderne du sud de l&rsquo;Europe. D&rsquo;autre part, nous avons une capacit\u00e9 de production de 72 tonnes par poste de travail. En outre, nous sommes le principal conditionneur et exportateur de miel en Espagne. Maes Honey exporte 80% du miel de Salamanque.<br>Par cons\u00e9quent, aujourd&rsquo;hui est un jour pour reconna\u00eetre publiquement que le sacrifice de ces entrepreneurs vaut la peine. Nous savons que le travail est difficile, mais \u00e0 long terme, il a sa r\u00e9compense.<\/p>\n","protected":false},"excerpt":{"rendered":"<p>Le 12 mai, la Journ\u00e9e europ\u00e9enne des petites et moyennes entreprises (PME) est c\u00e9l\u00e9br\u00e9e. Une petite reconnaissance \u00e0 ces petites et moyennes entreprises qui, avec beaucoup de sacrifices, ont r\u00e9ussi&hellip;<\/p>\n","protected":false},"author":20,"featured_media":11209,"comment_status":"closed","ping_status":"closed","sticky":false,"template":"","format":"standard","meta":{"_acf_changed":false,"footnotes":""},"categories":[103,97],"tags":[],"class_list":["post-11983","post","type-post","status-publish","format-standard","has-post-thumbnail","hentry","category-curiosites","category-non-classifiee"],"acf":[],"yoast_head":"<!-- This site is optimized with the Yoast SEO plugin v27.1.1 - https:\/\/yoast.com\/product\/yoast-seo-wordpress\/ -->\n<title>12 mai Journ\u00e9e europ\u00e9enne de la PME - MAES HONEY<\/title>\n<meta name=\"robots\" content=\"index, follow, max-snippet:-1, max-image-preview:large, max-video-preview:-1\" \/>\n<link rel=\"canonical\" href=\"https:\/\/maeshoney.com\/12-de-mayo-dia-europeo-de-la-pyme\/\" \/>\n<meta property=\"og:locale\" content=\"fr_FR\" \/>\n<meta property=\"og:type\" content=\"article\" \/>\n<meta property=\"og:title\" content=\"12 mai Journ\u00e9e europ\u00e9enne de la PME - MAES HONEY\" \/>\n<meta property=\"og:description\" content=\"Le 12 mai, la Journ\u00e9e europ\u00e9enne des petites et moyennes entreprises (PME) est c\u00e9l\u00e9br\u00e9e. Une petite reconnaissance \u00e0 ces petites et moyennes entreprises qui, avec beaucoup de sacrifices, ont r\u00e9ussi&hellip;\" \/>\n<meta property=\"og:url\" content=\"https:\/\/maeshoney.com\/12-de-mayo-dia-europeo-de-la-pyme\/\" \/>\n<meta property=\"og:site_name\" content=\"MAES HONEY\" \/>\n<meta property=\"article:published_time\" content=\"2020-11-17T12:04:56+00:00\" \/>\n<meta property=\"og:image\" content=\"https:\/\/maeshoney.com\/wp-content\/uploads\/2018\/05\/12-mayo-dia-europeo-de-la-pyme-.jpg\" \/>\n\t<meta property=\"og:image:width\" content=\"1100\" \/>\n\t<meta property=\"og:image:height\" content=\"660\" \/>\n\t<meta property=\"og:image:type\" content=\"image\/jpeg\" \/>\n<meta name=\"author\" content=\"Maes Honey\" \/>\n<meta name=\"twitter:card\" content=\"summary_large_image\" \/>\n<meta name=\"twitter:label1\" content=\"\u00c9crit par\" \/>\n\t<meta name=\"twitter:data1\" content=\"Maes Honey\" \/>\n\t<meta name=\"twitter:label2\" content=\"Dur\u00e9e de lecture estim\u00e9e\" \/>\n\t<meta name=\"twitter:data2\" content=\"1 minute\" \/>\n<script type=\"application\/ld+json\" class=\"yoast-schema-graph\">{\"@context\":\"https:\/\/schema.org\",\"@graph\":[{\"@type\":\"Article\",\"@id\":\"https:\/\/maeshoney.com\/12-de-mayo-dia-europeo-de-la-pyme\/#article\",\"isPartOf\":{\"@id\":\"https:\/\/maeshoney.com\/12-de-mayo-dia-europeo-de-la-pyme\/\"},\"author\":{\"name\":\"Maes Honey\",\"@id\":\"https:\/\/maeshoney.com\/#\/schema\/person\/5cf874002647ce98247633bceaf1641d\"},\"headline\":\"12 mai Journ\u00e9e europ\u00e9enne de la PME\",\"datePublished\":\"2020-11-17T12:04:56+00:00\",\"mainEntityOfPage\":{\"@id\":\"https:\/\/maeshoney.com\/12-de-mayo-dia-europeo-de-la-pyme\/\"},\"wordCount\":301,\"publisher\":{\"@id\":\"https:\/\/maeshoney.com\/#organization\"},\"image\":{\"@id\":\"https:\/\/maeshoney.com\/12-de-mayo-dia-europeo-de-la-pyme\/#primaryimage\"},\"thumbnailUrl\":\"https:\/\/maeshoney.com\/wp-content\/uploads\/2018\/05\/12-mayo-dia-europeo-de-la-pyme-.jpg\",\"articleSection\":[\"Curiosit\u00e9s\",\"Non classifi\u00e9(e)\"],\"inLanguage\":\"fr-FR\"},{\"@type\":\"WebPage\",\"@id\":\"https:\/\/maeshoney.com\/12-de-mayo-dia-europeo-de-la-pyme\/\",\"url\":\"https:\/\/maeshoney.com\/12-de-mayo-dia-europeo-de-la-pyme\/\",\"name\":\"12 mai Journ\u00e9e europ\u00e9enne de la PME - MAES HONEY\",\"isPartOf\":{\"@id\":\"https:\/\/maeshoney.com\/#website\"},\"primaryImageOfPage\":{\"@id\":\"https:\/\/maeshoney.com\/12-de-mayo-dia-europeo-de-la-pyme\/#primaryimage\"},\"image\":{\"@id\":\"https:\/\/maeshoney.com\/12-de-mayo-dia-europeo-de-la-pyme\/#primaryimage\"},\"thumbnailUrl\":\"https:\/\/maeshoney.com\/wp-content\/uploads\/2018\/05\/12-mayo-dia-europeo-de-la-pyme-.jpg\",\"datePublished\":\"2020-11-17T12:04:56+00:00\",\"breadcrumb\":{\"@id\":\"https:\/\/maeshoney.com\/12-de-mayo-dia-europeo-de-la-pyme\/#breadcrumb\"},\"inLanguage\":\"fr-FR\",\"potentialAction\":[{\"@type\":\"ReadAction\",\"target\":[\"https:\/\/maeshoney.com\/12-de-mayo-dia-europeo-de-la-pyme\/\"]}]},{\"@type\":\"ImageObject\",\"inLanguage\":\"fr-FR\",\"@id\":\"https:\/\/maeshoney.com\/12-de-mayo-dia-europeo-de-la-pyme\/#primaryimage\",\"url\":\"https:\/\/maeshoney.com\/wp-content\/uploads\/2018\/05\/12-mayo-dia-europeo-de-la-pyme-.jpg\",\"contentUrl\":\"https:\/\/maeshoney.com\/wp-content\/uploads\/2018\/05\/12-mayo-dia-europeo-de-la-pyme-.jpg\",\"width\":1100,\"height\":660,\"caption\":\"exportaci\u00f3n de miel maes honey\"},{\"@type\":\"BreadcrumbList\",\"@id\":\"https:\/\/maeshoney.com\/12-de-mayo-dia-europeo-de-la-pyme\/#breadcrumb\",\"itemListElement\":[{\"@type\":\"ListItem\",\"position\":1,\"name\":\"Portada\",\"item\":\"https:\/\/maeshoney.com\/fr\/\"},{\"@type\":\"ListItem\",\"position\":2,\"name\":\"12 mai Journ\u00e9e europ\u00e9enne de la PME\"}]},{\"@type\":\"WebSite\",\"@id\":\"https:\/\/maeshoney.com\/#website\",\"url\":\"https:\/\/maeshoney.com\/\",\"name\":\"MAES HONEY\",\"description\":\"En Maes Honey somos l\u00edderes en la exportaci\u00f3n de miel en Espa\u00f1a. Contamos con una gran capacidad de producci\u00f3n de miel anual.\",\"publisher\":{\"@id\":\"https:\/\/maeshoney.com\/#organization\"},\"potentialAction\":[{\"@type\":\"SearchAction\",\"target\":{\"@type\":\"EntryPoint\",\"urlTemplate\":\"https:\/\/maeshoney.com\/?s={search_term_string}\"},\"query-input\":{\"@type\":\"PropertyValueSpecification\",\"valueRequired\":true,\"valueName\":\"search_term_string\"}}],\"inLanguage\":\"fr-FR\"},{\"@type\":\"Organization\",\"@id\":\"https:\/\/maeshoney.com\/#organization\",\"name\":\"MAES HONEY\",\"url\":\"https:\/\/maeshoney.com\/\",\"logo\":{\"@type\":\"ImageObject\",\"inLanguage\":\"fr-FR\",\"@id\":\"https:\/\/maeshoney.com\/#\/schema\/logo\/image\/\",\"url\":\"https:\/\/maeshoney.com\/wp-content\/uploads\/2023\/11\/maes-honey-logo-es.png\",\"contentUrl\":\"https:\/\/maeshoney.com\/wp-content\/uploads\/2023\/11\/maes-honey-logo-es.png\",\"width\":157,\"height\":66,\"caption\":\"MAES HONEY\"},\"image\":{\"@id\":\"https:\/\/maeshoney.com\/#\/schema\/logo\/image\/\"}},{\"@type\":\"Person\",\"@id\":\"https:\/\/maeshoney.com\/#\/schema\/person\/5cf874002647ce98247633bceaf1641d\",\"name\":\"Maes Honey\",\"image\":{\"@type\":\"ImageObject\",\"inLanguage\":\"fr-FR\",\"@id\":\"https:\/\/maeshoney.com\/#\/schema\/person\/image\/\",\"url\":\"https:\/\/secure.gravatar.com\/avatar\/93b9711a2ec5c6e5eac330335a9276e015de93f7e8de8011ed0a8793f9d0226c?s=96&d=mm&r=g\",\"contentUrl\":\"https:\/\/secure.gravatar.com\/avatar\/93b9711a2ec5c6e5eac330335a9276e015de93f7e8de8011ed0a8793f9d0226c?s=96&d=mm&r=g\",\"caption\":\"Maes Honey\"}}]}<\/script>\n<!-- \/ Yoast SEO plugin. -->","yoast_head_json":{"title":"12 mai Journ\u00e9e europ\u00e9enne de la PME - MAES HONEY","robots":{"index":"index","follow":"follow","max-snippet":"max-snippet:-1","max-image-preview":"max-image-preview:large","max-video-preview":"max-video-preview:-1"},"canonical":"https:\/\/maeshoney.com\/12-de-mayo-dia-europeo-de-la-pyme\/","og_locale":"fr_FR","og_type":"article","og_title":"12 mai Journ\u00e9e europ\u00e9enne de la PME - MAES HONEY","og_description":"Le 12 mai, la Journ\u00e9e europ\u00e9enne des petites et moyennes entreprises (PME) est c\u00e9l\u00e9br\u00e9e. Une petite reconnaissance \u00e0 ces petites et moyennes entreprises qui, avec beaucoup de sacrifices, ont r\u00e9ussi&hellip;","og_url":"https:\/\/maeshoney.com\/12-de-mayo-dia-europeo-de-la-pyme\/","og_site_name":"MAES HONEY","article_published_time":"2020-11-17T12:04:56+00:00","og_image":[{"width":1100,"height":660,"url":"https:\/\/maeshoney.com\/wp-content\/uploads\/2018\/05\/12-mayo-dia-europeo-de-la-pyme-.jpg","type":"image\/jpeg"}],"author":"Maes Honey","twitter_card":"summary_large_image","twitter_misc":{"\u00c9crit par":"Maes Honey","Dur\u00e9e de lecture estim\u00e9e":"1 minute"},"schema":{"@context":"https:\/\/schema.org","@graph":[{"@type":"Article","@id":"https:\/\/maeshoney.com\/12-de-mayo-dia-europeo-de-la-pyme\/#article","isPartOf":{"@id":"https:\/\/maeshoney.com\/12-de-mayo-dia-europeo-de-la-pyme\/"},"author":{"name":"Maes Honey","@id":"https:\/\/maeshoney.com\/#\/schema\/person\/5cf874002647ce98247633bceaf1641d"},"headline":"12 mai Journ\u00e9e europ\u00e9enne de la PME","datePublished":"2020-11-17T12:04:56+00:00","mainEntityOfPage":{"@id":"https:\/\/maeshoney.com\/12-de-mayo-dia-europeo-de-la-pyme\/"},"wordCount":301,"publisher":{"@id":"https:\/\/maeshoney.com\/#organization"},"image":{"@id":"https:\/\/maeshoney.com\/12-de-mayo-dia-europeo-de-la-pyme\/#primaryimage"},"thumbnailUrl":"https:\/\/maeshoney.com\/wp-content\/uploads\/2018\/05\/12-mayo-dia-europeo-de-la-pyme-.jpg","articleSection":["Curiosit\u00e9s","Non classifi\u00e9(e)"],"inLanguage":"fr-FR"},{"@type":"WebPage","@id":"https:\/\/maeshoney.com\/12-de-mayo-dia-europeo-de-la-pyme\/","url":"https:\/\/maeshoney.com\/12-de-mayo-dia-europeo-de-la-pyme\/","name":"12 mai Journ\u00e9e europ\u00e9enne de la PME - MAES HONEY","isPartOf":{"@id":"https:\/\/maeshoney.com\/#website"},"primaryImageOfPage":{"@id":"https:\/\/maeshoney.com\/12-de-mayo-dia-europeo-de-la-pyme\/#primaryimage"},"image":{"@id":"https:\/\/maeshoney.com\/12-de-mayo-dia-europeo-de-la-pyme\/#primaryimage"},"thumbnailUrl":"https:\/\/maeshoney.com\/wp-content\/uploads\/2018\/05\/12-mayo-dia-europeo-de-la-pyme-.jpg","datePublished":"2020-11-17T12:04:56+00:00","breadcrumb":{"@id":"https:\/\/maeshoney.com\/12-de-mayo-dia-europeo-de-la-pyme\/#breadcrumb"},"inLanguage":"fr-FR","potentialAction":[{"@type":"ReadAction","target":["https:\/\/maeshoney.com\/12-de-mayo-dia-europeo-de-la-pyme\/"]}]},{"@type":"ImageObject","inLanguage":"fr-FR","@id":"https:\/\/maeshoney.com\/12-de-mayo-dia-europeo-de-la-pyme\/#primaryimage","url":"https:\/\/maeshoney.com\/wp-content\/uploads\/2018\/05\/12-mayo-dia-europeo-de-la-pyme-.jpg","contentUrl":"https:\/\/maeshoney.com\/wp-content\/uploads\/2018\/05\/12-mayo-dia-europeo-de-la-pyme-.jpg","width":1100,"height":660,"caption":"exportaci\u00f3n de miel maes honey"},{"@type":"BreadcrumbList","@id":"https:\/\/maeshoney.com\/12-de-mayo-dia-europeo-de-la-pyme\/#breadcrumb","itemListElement":[{"@type":"ListItem","position":1,"name":"Portada","item":"https:\/\/maeshoney.com\/fr\/"},{"@type":"ListItem","position":2,"name":"12 mai Journ\u00e9e europ\u00e9enne de la PME"}]},{"@type":"WebSite","@id":"https:\/\/maeshoney.com\/#website","url":"https:\/\/maeshoney.com\/","name":"MAES HONEY","description":"En Maes Honey somos l\u00edderes en la exportaci\u00f3n de miel en Espa\u00f1a. Contamos con una gran capacidad de producci\u00f3n de miel anual.","publisher":{"@id":"https:\/\/maeshoney.com\/#organization"},"potentialAction":[{"@type":"SearchAction","target":{"@type":"EntryPoint","urlTemplate":"https:\/\/maeshoney.com\/?s={search_term_string}"},"query-input":{"@type":"PropertyValueSpecification","valueRequired":true,"valueName":"search_term_string"}}],"inLanguage":"fr-FR"},{"@type":"Organization","@id":"https:\/\/maeshoney.com\/#organization","name":"MAES HONEY","url":"https:\/\/maeshoney.com\/","logo":{"@type":"ImageObject","inLanguage":"fr-FR","@id":"https:\/\/maeshoney.com\/#\/schema\/logo\/image\/","url":"https:\/\/maeshoney.com\/wp-content\/uploads\/2023\/11\/maes-honey-logo-es.png","contentUrl":"https:\/\/maeshoney.com\/wp-content\/uploads\/2023\/11\/maes-honey-logo-es.png","width":157,"height":66,"caption":"MAES HONEY"},"image":{"@id":"https:\/\/maeshoney.com\/#\/schema\/logo\/image\/"}},{"@type":"Person","@id":"https:\/\/maeshoney.com\/#\/schema\/person\/5cf874002647ce98247633bceaf1641d","name":"Maes Honey","image":{"@type":"ImageObject","inLanguage":"fr-FR","@id":"https:\/\/maeshoney.com\/#\/schema\/person\/image\/","url":"https:\/\/secure.gravatar.com\/avatar\/93b9711a2ec5c6e5eac330335a9276e015de93f7e8de8011ed0a8793f9d0226c?s=96&d=mm&r=g","contentUrl":"https:\/\/secure.gravatar.com\/avatar\/93b9711a2ec5c6e5eac330335a9276e015de93f7e8de8011ed0a8793f9d0226c?s=96&d=mm&r=g","caption":"Maes Honey"}}]}},"_links":{"self":[{"href":"https:\/\/maeshoney.com\/fr\/wp-json\/wp\/v2\/posts\/11983","targetHints":{"allow":["GET"]}}],"collection":[{"href":"https:\/\/maeshoney.com\/fr\/wp-json\/wp\/v2\/posts"}],"about":[{"href":"https:\/\/maeshoney.com\/fr\/wp-json\/wp\/v2\/types\/post"}],"author":[{"embeddable":true,"href":"https:\/\/maeshoney.com\/fr\/wp-json\/wp\/v2\/users\/20"}],"replies":[{"embeddable":true,"href":"https:\/\/maeshoney.com\/fr\/wp-json\/wp\/v2\/comments?post=11983"}],"version-history":[{"count":0,"href":"https:\/\/maeshoney.com\/fr\/wp-json\/wp\/v2\/posts\/11983\/revisions"}],"wp:featuredmedia":[{"embeddable":true,"href":"https:\/\/maeshoney.com\/fr\/wp-json\/wp\/v2\/media\/11209"}],"wp:attachment":[{"href":"https:\/\/maeshoney.com\/fr\/wp-json\/wp\/v2\/media?parent=11983"}],"wp:term":[{"taxonomy":"category","embeddable":true,"href":"https:\/\/maeshoney.com\/fr\/wp-json\/wp\/v2\/categories?post=11983"},{"taxonomy":"post_tag","embeddable":true,"href":"https:\/\/maeshoney.com\/fr\/wp-json\/wp\/v2\/tags?post=11983"}],"curies":[{"name":"wp","href":"https:\/\/api.w.org\/{rel}","templated":true}]}}