{"id":11954,"date":"2020-11-17T11:59:50","date_gmt":"2020-11-17T11:59:50","guid":{"rendered":"https:\/\/maeshoney.com\/?p=11954"},"modified":"2020-11-17T11:59:50","modified_gmt":"2020-11-17T11:59:50","slug":"lutter-contre-lintimidation-ne-pas-se-taire","status":"publish","type":"post","link":"https:\/\/maeshoney.com\/fr\/lutter-contre-lintimidation-ne-pas-se-taire\/","title":{"rendered":"Lutter contre l&#039;intimidation, ne pas se taire"},"content":{"rendered":"\n<p>Le d\u00e9but de l&rsquo;ann\u00e9e scolaire approche. Ces dates sont une joie pour beaucoup d&rsquo;enfants et d&rsquo;adolescents qui sont r\u00e9unis avec leurs camarades de classe. Cependant, pour d&rsquo;autres, c&rsquo;est l&rsquo;enfer. La raison? Le bullying. En effet, ce n&rsquo;est pas quelque chose qui arrive seulement \u00e0 l&rsquo;\u00e9cole, car malheureusement, avec les nouvelles technologies, la cyberintimidation est aussi courante.<br>Il est tr\u00e8s important d&rsquo;\u00e9duquer les nouvelles g\u00e9n\u00e9rations dans de bonnes valeurs. Nous m\u00e9ritons tous une douce vie et il est de la responsabilit\u00e9 des adultes d&rsquo;inculquer aux enfants la tol\u00e9rance et de leur faire comprendre les dommages qu&rsquo;un manque de respect, d&rsquo;insultes ou de harc\u00e8lement implique chez une personne, car c&rsquo;est quelque chose qui reste avec les ann\u00e9es et oublie \u00e7a<\/p>\n\n\n\n<h5 class=\"wp-block-heading\">Salamanca Association contre l&rsquo;intimidation et la cyberintimidation(ASCYB)<\/h5>\n\n\n\n<p>En 2017 \u00e0 Salamanque, un groupe de parents et d&rsquo;experts a cr\u00e9\u00e9 cette association pour lutter contre l&rsquo;intimidation.<br>Ils travaillent en partenariat avec des associations d&rsquo;autres villes. Et comme on dit, c&rsquo;est un fl\u00e9au qui doit \u00eatre \u00e9limin\u00e9 de notre soci\u00e9t\u00e9.<br>Ils organisent des \u00e9v\u00e9nements de sensibilisation constants tels que des causeries, des hommages ou m\u00eame des concerts. Parce que leur but est de sensibiliser et de rendre la vie des enfants et des adolescents qui ont souffert de cet abus s&rsquo;am\u00e9liorent avec une touche de douceur, leur donnant la force de la surmonter. Mais en m\u00eame temps, ils aident \u00e0 d\u00e9tecter ces situations, car dans de nombreux cas ils ne sont pas signal\u00e9s.<br>En outre, ils sont charg\u00e9s d&rsquo;aider les familles, car nous ne devons pas oublier que lorsque cela se produit, les personnes touch\u00e9es ne sont pas seulement les enfants et les adolescents.<br>Et bien s\u00fbr, il ne pouvait pas manquer son travail avec les parents d&rsquo;enfants qui harc\u00e8lent ou n&rsquo;osent pas dire ce qui arrive \u00e0 leurs pairs. Il s&rsquo;agit d&rsquo;\u00e9duquer et de sensibiliser pour que notre soci\u00e9t\u00e9 soit meilleure<br>.<br><a href=\"https:\/\/www.facebook.com\/pg\/ASCBYC\/about\/?ref=page_internal\" target=\"_blank\" rel=\"noreferrer noopener\">https:\/\/www.facebook.com\/pg\/ASCBYC\/about\/?ref=page_internal<\/a><\/p>\n","protected":false},"excerpt":{"rendered":"<p>Le d\u00e9but de l&rsquo;ann\u00e9e scolaire approche. Ces dates sont une joie pour beaucoup d&rsquo;enfants et d&rsquo;adolescents qui sont r\u00e9unis avec leurs camarades de classe. Cependant, pour d&rsquo;autres, c&rsquo;est l&rsquo;enfer. La&hellip;<\/p>\n","protected":false},"author":20,"featured_media":11243,"comment_status":"closed","ping_status":"closed","sticky":false,"template":"","format":"standard","meta":{"_acf_changed":false,"footnotes":""},"categories":[97],"tags":[],"class_list":["post-11954","post","type-post","status-publish","format-standard","has-post-thumbnail","hentry","category-non-classifiee"],"acf":[],"yoast_head":"<!-- This site is optimized with the Yoast SEO plugin v27.1.1 - https:\/\/yoast.com\/product\/yoast-seo-wordpress\/ -->\n<title>Lutter contre l&#039;intimidation, ne pas se taire - MAES HONEY<\/title>\n<meta name=\"robots\" content=\"index, follow, max-snippet:-1, max-image-preview:large, max-video-preview:-1\" \/>\n<link rel=\"canonical\" href=\"https:\/\/maeshoney.com\/lucha-contra-el-bullying\/\" \/>\n<meta property=\"og:locale\" content=\"fr_FR\" \/>\n<meta property=\"og:type\" content=\"article\" \/>\n<meta property=\"og:title\" content=\"Lutter contre l&#039;intimidation, ne pas se taire - MAES HONEY\" \/>\n<meta property=\"og:description\" content=\"Le d\u00e9but de l&rsquo;ann\u00e9e scolaire approche. Ces dates sont une joie pour beaucoup d&rsquo;enfants et d&rsquo;adolescents qui sont r\u00e9unis avec leurs camarades de classe. Cependant, pour d&rsquo;autres, c&rsquo;est l&rsquo;enfer. La&hellip;\" \/>\n<meta property=\"og:url\" content=\"https:\/\/maeshoney.com\/lucha-contra-el-bullying\/\" \/>\n<meta property=\"og:site_name\" content=\"MAES HONEY\" \/>\n<meta property=\"article:published_time\" content=\"2020-11-17T11:59:50+00:00\" \/>\n<meta property=\"og:image\" content=\"https:\/\/maeshoney.com\/wp-content\/uploads\/2018\/07\/contra-el-bullying-e1543570358778.jpg\" \/>\n\t<meta property=\"og:image:width\" content=\"800\" \/>\n\t<meta property=\"og:image:height\" content=\"800\" \/>\n\t<meta property=\"og:image:type\" content=\"image\/jpeg\" \/>\n<meta name=\"author\" content=\"Maes Honey\" \/>\n<meta name=\"twitter:card\" content=\"summary_large_image\" \/>\n<meta name=\"twitter:label1\" content=\"\u00c9crit par\" \/>\n\t<meta name=\"twitter:data1\" content=\"Maes Honey\" \/>\n\t<meta name=\"twitter:label2\" content=\"Dur\u00e9e de lecture estim\u00e9e\" \/>\n\t<meta name=\"twitter:data2\" content=\"2 minutes\" \/>\n<script type=\"application\/ld+json\" class=\"yoast-schema-graph\">{\"@context\":\"https:\/\/schema.org\",\"@graph\":[{\"@type\":\"Article\",\"@id\":\"https:\/\/maeshoney.com\/lucha-contra-el-bullying\/#article\",\"isPartOf\":{\"@id\":\"https:\/\/maeshoney.com\/lucha-contra-el-bullying\/\"},\"author\":{\"name\":\"Maes Honey\",\"@id\":\"https:\/\/maeshoney.com\/#\/schema\/person\/5cf874002647ce98247633bceaf1641d\"},\"headline\":\"Lutter contre l&#039;intimidation, ne pas se taire\",\"datePublished\":\"2020-11-17T11:59:50+00:00\",\"mainEntityOfPage\":{\"@id\":\"https:\/\/maeshoney.com\/lucha-contra-el-bullying\/\"},\"wordCount\":348,\"publisher\":{\"@id\":\"https:\/\/maeshoney.com\/#organization\"},\"image\":{\"@id\":\"https:\/\/maeshoney.com\/lucha-contra-el-bullying\/#primaryimage\"},\"thumbnailUrl\":\"https:\/\/maeshoney.com\/wp-content\/uploads\/2018\/07\/contra-el-bullying-e1543570358778.jpg\",\"articleSection\":[\"Non classifi\u00e9(e)\"],\"inLanguage\":\"fr-FR\"},{\"@type\":\"WebPage\",\"@id\":\"https:\/\/maeshoney.com\/lucha-contra-el-bullying\/\",\"url\":\"https:\/\/maeshoney.com\/lucha-contra-el-bullying\/\",\"name\":\"Lutter contre l&#039;intimidation, ne pas se taire - MAES HONEY\",\"isPartOf\":{\"@id\":\"https:\/\/maeshoney.com\/#website\"},\"primaryImageOfPage\":{\"@id\":\"https:\/\/maeshoney.com\/lucha-contra-el-bullying\/#primaryimage\"},\"image\":{\"@id\":\"https:\/\/maeshoney.com\/lucha-contra-el-bullying\/#primaryimage\"},\"thumbnailUrl\":\"https:\/\/maeshoney.com\/wp-content\/uploads\/2018\/07\/contra-el-bullying-e1543570358778.jpg\",\"datePublished\":\"2020-11-17T11:59:50+00:00\",\"breadcrumb\":{\"@id\":\"https:\/\/maeshoney.com\/lucha-contra-el-bullying\/#breadcrumb\"},\"inLanguage\":\"fr-FR\",\"potentialAction\":[{\"@type\":\"ReadAction\",\"target\":[\"https:\/\/maeshoney.com\/lucha-contra-el-bullying\/\"]}]},{\"@type\":\"ImageObject\",\"inLanguage\":\"fr-FR\",\"@id\":\"https:\/\/maeshoney.com\/lucha-contra-el-bullying\/#primaryimage\",\"url\":\"https:\/\/maeshoney.com\/wp-content\/uploads\/2018\/07\/contra-el-bullying-e1543570358778.jpg\",\"contentUrl\":\"https:\/\/maeshoney.com\/wp-content\/uploads\/2018\/07\/contra-el-bullying-e1543570358778.jpg\",\"width\":800,\"height\":800,\"caption\":\"Intimidation maes honey\"},{\"@type\":\"BreadcrumbList\",\"@id\":\"https:\/\/maeshoney.com\/lucha-contra-el-bullying\/#breadcrumb\",\"itemListElement\":[{\"@type\":\"ListItem\",\"position\":1,\"name\":\"Portada\",\"item\":\"https:\/\/maeshoney.com\/fr\/\"},{\"@type\":\"ListItem\",\"position\":2,\"name\":\"Lutter contre l&#039;intimidation, ne pas se taire\"}]},{\"@type\":\"WebSite\",\"@id\":\"https:\/\/maeshoney.com\/#website\",\"url\":\"https:\/\/maeshoney.com\/\",\"name\":\"MAES HONEY\",\"description\":\"En Maes Honey somos l\u00edderes en la exportaci\u00f3n de miel en Espa\u00f1a. Contamos con una gran capacidad de producci\u00f3n de miel anual.\",\"publisher\":{\"@id\":\"https:\/\/maeshoney.com\/#organization\"},\"potentialAction\":[{\"@type\":\"SearchAction\",\"target\":{\"@type\":\"EntryPoint\",\"urlTemplate\":\"https:\/\/maeshoney.com\/?s={search_term_string}\"},\"query-input\":{\"@type\":\"PropertyValueSpecification\",\"valueRequired\":true,\"valueName\":\"search_term_string\"}}],\"inLanguage\":\"fr-FR\"},{\"@type\":\"Organization\",\"@id\":\"https:\/\/maeshoney.com\/#organization\",\"name\":\"MAES HONEY\",\"url\":\"https:\/\/maeshoney.com\/\",\"logo\":{\"@type\":\"ImageObject\",\"inLanguage\":\"fr-FR\",\"@id\":\"https:\/\/maeshoney.com\/#\/schema\/logo\/image\/\",\"url\":\"https:\/\/maeshoney.com\/wp-content\/uploads\/2023\/11\/maes-honey-logo-es.png\",\"contentUrl\":\"https:\/\/maeshoney.com\/wp-content\/uploads\/2023\/11\/maes-honey-logo-es.png\",\"width\":157,\"height\":66,\"caption\":\"MAES HONEY\"},\"image\":{\"@id\":\"https:\/\/maeshoney.com\/#\/schema\/logo\/image\/\"}},{\"@type\":\"Person\",\"@id\":\"https:\/\/maeshoney.com\/#\/schema\/person\/5cf874002647ce98247633bceaf1641d\",\"name\":\"Maes Honey\",\"image\":{\"@type\":\"ImageObject\",\"inLanguage\":\"fr-FR\",\"@id\":\"https:\/\/maeshoney.com\/#\/schema\/person\/image\/\",\"url\":\"https:\/\/secure.gravatar.com\/avatar\/93b9711a2ec5c6e5eac330335a9276e015de93f7e8de8011ed0a8793f9d0226c?s=96&d=mm&r=g\",\"contentUrl\":\"https:\/\/secure.gravatar.com\/avatar\/93b9711a2ec5c6e5eac330335a9276e015de93f7e8de8011ed0a8793f9d0226c?s=96&d=mm&r=g\",\"caption\":\"Maes Honey\"}}]}<\/script>\n<!-- \/ Yoast SEO plugin. -->","yoast_head_json":{"title":"Lutter contre l&#039;intimidation, ne pas se taire - MAES HONEY","robots":{"index":"index","follow":"follow","max-snippet":"max-snippet:-1","max-image-preview":"max-image-preview:large","max-video-preview":"max-video-preview:-1"},"canonical":"https:\/\/maeshoney.com\/lucha-contra-el-bullying\/","og_locale":"fr_FR","og_type":"article","og_title":"Lutter contre l&#039;intimidation, ne pas se taire - MAES HONEY","og_description":"Le d\u00e9but de l&rsquo;ann\u00e9e scolaire approche. Ces dates sont une joie pour beaucoup d&rsquo;enfants et d&rsquo;adolescents qui sont r\u00e9unis avec leurs camarades de classe. Cependant, pour d&rsquo;autres, c&rsquo;est l&rsquo;enfer. La&hellip;","og_url":"https:\/\/maeshoney.com\/lucha-contra-el-bullying\/","og_site_name":"MAES HONEY","article_published_time":"2020-11-17T11:59:50+00:00","og_image":[{"width":800,"height":800,"url":"https:\/\/maeshoney.com\/wp-content\/uploads\/2018\/07\/contra-el-bullying-e1543570358778.jpg","type":"image\/jpeg"}],"author":"Maes Honey","twitter_card":"summary_large_image","twitter_misc":{"\u00c9crit par":"Maes Honey","Dur\u00e9e de lecture estim\u00e9e":"2 minutes"},"schema":{"@context":"https:\/\/schema.org","@graph":[{"@type":"Article","@id":"https:\/\/maeshoney.com\/lucha-contra-el-bullying\/#article","isPartOf":{"@id":"https:\/\/maeshoney.com\/lucha-contra-el-bullying\/"},"author":{"name":"Maes Honey","@id":"https:\/\/maeshoney.com\/#\/schema\/person\/5cf874002647ce98247633bceaf1641d"},"headline":"Lutter contre l&#039;intimidation, ne pas se taire","datePublished":"2020-11-17T11:59:50+00:00","mainEntityOfPage":{"@id":"https:\/\/maeshoney.com\/lucha-contra-el-bullying\/"},"wordCount":348,"publisher":{"@id":"https:\/\/maeshoney.com\/#organization"},"image":{"@id":"https:\/\/maeshoney.com\/lucha-contra-el-bullying\/#primaryimage"},"thumbnailUrl":"https:\/\/maeshoney.com\/wp-content\/uploads\/2018\/07\/contra-el-bullying-e1543570358778.jpg","articleSection":["Non classifi\u00e9(e)"],"inLanguage":"fr-FR"},{"@type":"WebPage","@id":"https:\/\/maeshoney.com\/lucha-contra-el-bullying\/","url":"https:\/\/maeshoney.com\/lucha-contra-el-bullying\/","name":"Lutter contre l&#039;intimidation, ne pas se taire - MAES HONEY","isPartOf":{"@id":"https:\/\/maeshoney.com\/#website"},"primaryImageOfPage":{"@id":"https:\/\/maeshoney.com\/lucha-contra-el-bullying\/#primaryimage"},"image":{"@id":"https:\/\/maeshoney.com\/lucha-contra-el-bullying\/#primaryimage"},"thumbnailUrl":"https:\/\/maeshoney.com\/wp-content\/uploads\/2018\/07\/contra-el-bullying-e1543570358778.jpg","datePublished":"2020-11-17T11:59:50+00:00","breadcrumb":{"@id":"https:\/\/maeshoney.com\/lucha-contra-el-bullying\/#breadcrumb"},"inLanguage":"fr-FR","potentialAction":[{"@type":"ReadAction","target":["https:\/\/maeshoney.com\/lucha-contra-el-bullying\/"]}]},{"@type":"ImageObject","inLanguage":"fr-FR","@id":"https:\/\/maeshoney.com\/lucha-contra-el-bullying\/#primaryimage","url":"https:\/\/maeshoney.com\/wp-content\/uploads\/2018\/07\/contra-el-bullying-e1543570358778.jpg","contentUrl":"https:\/\/maeshoney.com\/wp-content\/uploads\/2018\/07\/contra-el-bullying-e1543570358778.jpg","width":800,"height":800,"caption":"Intimidation maes honey"},{"@type":"BreadcrumbList","@id":"https:\/\/maeshoney.com\/lucha-contra-el-bullying\/#breadcrumb","itemListElement":[{"@type":"ListItem","position":1,"name":"Portada","item":"https:\/\/maeshoney.com\/fr\/"},{"@type":"ListItem","position":2,"name":"Lutter contre l&#039;intimidation, ne pas se taire"}]},{"@type":"WebSite","@id":"https:\/\/maeshoney.com\/#website","url":"https:\/\/maeshoney.com\/","name":"MAES HONEY","description":"En Maes Honey somos l\u00edderes en la exportaci\u00f3n de miel en Espa\u00f1a. Contamos con una gran capacidad de producci\u00f3n de miel anual.","publisher":{"@id":"https:\/\/maeshoney.com\/#organization"},"potentialAction":[{"@type":"SearchAction","target":{"@type":"EntryPoint","urlTemplate":"https:\/\/maeshoney.com\/?s={search_term_string}"},"query-input":{"@type":"PropertyValueSpecification","valueRequired":true,"valueName":"search_term_string"}}],"inLanguage":"fr-FR"},{"@type":"Organization","@id":"https:\/\/maeshoney.com\/#organization","name":"MAES HONEY","url":"https:\/\/maeshoney.com\/","logo":{"@type":"ImageObject","inLanguage":"fr-FR","@id":"https:\/\/maeshoney.com\/#\/schema\/logo\/image\/","url":"https:\/\/maeshoney.com\/wp-content\/uploads\/2023\/11\/maes-honey-logo-es.png","contentUrl":"https:\/\/maeshoney.com\/wp-content\/uploads\/2023\/11\/maes-honey-logo-es.png","width":157,"height":66,"caption":"MAES HONEY"},"image":{"@id":"https:\/\/maeshoney.com\/#\/schema\/logo\/image\/"}},{"@type":"Person","@id":"https:\/\/maeshoney.com\/#\/schema\/person\/5cf874002647ce98247633bceaf1641d","name":"Maes Honey","image":{"@type":"ImageObject","inLanguage":"fr-FR","@id":"https:\/\/maeshoney.com\/#\/schema\/person\/image\/","url":"https:\/\/secure.gravatar.com\/avatar\/93b9711a2ec5c6e5eac330335a9276e015de93f7e8de8011ed0a8793f9d0226c?s=96&d=mm&r=g","contentUrl":"https:\/\/secure.gravatar.com\/avatar\/93b9711a2ec5c6e5eac330335a9276e015de93f7e8de8011ed0a8793f9d0226c?s=96&d=mm&r=g","caption":"Maes Honey"}}]}},"_links":{"self":[{"href":"https:\/\/maeshoney.com\/fr\/wp-json\/wp\/v2\/posts\/11954","targetHints":{"allow":["GET"]}}],"collection":[{"href":"https:\/\/maeshoney.com\/fr\/wp-json\/wp\/v2\/posts"}],"about":[{"href":"https:\/\/maeshoney.com\/fr\/wp-json\/wp\/v2\/types\/post"}],"author":[{"embeddable":true,"href":"https:\/\/maeshoney.com\/fr\/wp-json\/wp\/v2\/users\/20"}],"replies":[{"embeddable":true,"href":"https:\/\/maeshoney.com\/fr\/wp-json\/wp\/v2\/comments?post=11954"}],"version-history":[{"count":0,"href":"https:\/\/maeshoney.com\/fr\/wp-json\/wp\/v2\/posts\/11954\/revisions"}],"wp:featuredmedia":[{"embeddable":true,"href":"https:\/\/maeshoney.com\/fr\/wp-json\/wp\/v2\/media\/11243"}],"wp:attachment":[{"href":"https:\/\/maeshoney.com\/fr\/wp-json\/wp\/v2\/media?parent=11954"}],"wp:term":[{"taxonomy":"category","embeddable":true,"href":"https:\/\/maeshoney.com\/fr\/wp-json\/wp\/v2\/categories?post=11954"},{"taxonomy":"post_tag","embeddable":true,"href":"https:\/\/maeshoney.com\/fr\/wp-json\/wp\/v2\/tags?post=11954"}],"curies":[{"name":"wp","href":"https:\/\/api.w.org\/{rel}","templated":true}]}}