{"id":11949,"date":"2020-11-17T11:59:11","date_gmt":"2020-11-17T11:59:11","guid":{"rendered":"https:\/\/maeshoney.com\/?p=11949"},"modified":"2020-11-17T11:59:11","modified_gmt":"2020-11-17T11:59:11","slug":"mois-de-la-maladie-dalzheimer-ne-les-oubliez-pas","status":"publish","type":"post","link":"https:\/\/maeshoney.com\/fr\/mois-de-la-maladie-dalzheimer-ne-les-oubliez-pas\/","title":{"rendered":"Mois de la maladie d&#039;Alzheimer, ne les oubliez pas"},"content":{"rendered":"\n<p>Septembre est le mois de la maladie d&rsquo;Alzheimer. Mais il est important de garder cette cause \u00e0 l&rsquo;esprit tout au long de l&rsquo;ann\u00e9e. Il y a beaucoup de personnes affect\u00e9es dans le monde entier. Et malgr\u00e9 les \u00e9tudes r\u00e9alis\u00e9es, il n&rsquo;y a toujours pas de rem\u00e8de. Par cons\u00e9quent, l&rsquo;importance de l&rsquo;investissement dans la recherche doit \u00eatre prise en compte.<br>Cette maladie a \u00e9t\u00e9 d\u00e9couverte en 1906 en raison du tissu c\u00e9r\u00e9bral \u00e9trange d&rsquo;une femme d\u00e9c\u00e9d\u00e9e, mais la cause reste inconnue. Actuellement, les personnes autour du patient le d\u00e9tectent en raison de la perte de la m\u00e9moire et de la d\u00e9sorientation. Plus tard, il \u00e9volue vers la perte de la ma\u00eetrise de la langue, la difficult\u00e9 des mouvements et le besoin d&rsquo;une aide constante. Jusqu&rsquo;\u00e0 ce que, finalement, il ne puisse pas se d\u00e9brouiller seul, laissant tomber le fait de parler, de bouger et de reconna\u00eetre.<\/p>\n\n\n\n<h5 class=\"wp-block-heading\">Alzheimer et ses soignants.<\/h5>\n\n\n\n<p>Nous devons nous rappeler que, comme dans toutes les maladies. Non seulement le patient souffre, mais aussi ses proches ou ses amis qui sont en fin de compte leurs aidants. En fait, le th\u00e8me de 2016 \u00e9tait envers eux. Pour leur travail inlassable et l&rsquo;affection avec laquelle ils traitent les malades. Tout en souffrant pour voir comment cette personne qu&rsquo;ils aiment tant oublie qui ils sont.<\/p>\n\n\n\n<h5 class=\"wp-block-heading\">Conf\u00e9d\u00e9ration Espagnole d&rsquo;Alzheimer.<\/h5>\n\n\n\n<p>C&rsquo;est une organisation non gouvernementale. Depuis 1990 en Espagne, il travaille \u00e0 am\u00e9liorer la qualit\u00e9 de vie des soignants et des patients atteints de la maladie d&rsquo;Alzheimer et d&rsquo;autres d\u00e9mences. Il est int\u00e9ressant de lire votre blog avec des nouvelles, des conseils ou des opinions de sp\u00e9cialistes et de personnes ayant r\u00e9ussi ces situations.<br>Il compte plus de 83 130 membres, 5 419 b\u00e9n\u00e9voles et 3 863 travailleurs. Cela en plus d&rsquo;assurer les malades et les familles, d&rsquo;organiser des conf\u00e9rences, d&rsquo;enseigner des cours, de lutter pour recueillir des fonds pour enqu\u00eater et demander un engagement social de l&rsquo;\u00c9tat. Mais toujours, effectuer des actions de mani\u00e8re transparente. Afin que tous les membres et ceux qui soutiennent cette cause sachent ce qui est fait \u00e0 chaque instant.<br><a href=\"https:\/\/www.alz.org\/fr\/stades-de-la-maladie-d-alzheimer.asp\" target=\"_blank\" rel=\"noreferrer noopener\">https:\/\/www.alz.org\/fr\/stades-de-la-maladie-d-alzheimer.asp<\/a><\/p>\n","protected":false},"excerpt":{"rendered":"<p>Septembre est le mois de la maladie d&rsquo;Alzheimer. Mais il est important de garder cette cause \u00e0 l&rsquo;esprit tout au long de l&rsquo;ann\u00e9e. Il y a beaucoup de personnes affect\u00e9es&hellip;<\/p>\n","protected":false},"author":20,"featured_media":11257,"comment_status":"closed","ping_status":"closed","sticky":false,"template":"","format":"standard","meta":{"_acf_changed":false,"footnotes":""},"categories":[97],"tags":[],"class_list":["post-11949","post","type-post","status-publish","format-standard","has-post-thumbnail","hentry","category-non-classifiee"],"acf":[],"yoast_head":"<!-- This site is optimized with the Yoast SEO plugin v27.1.1 - https:\/\/yoast.com\/product\/yoast-seo-wordpress\/ -->\n<title>Mois de la maladie d&#039;Alzheimer, ne les oubliez pas - MAES HONEY<\/title>\n<meta name=\"robots\" content=\"index, follow, max-snippet:-1, max-image-preview:large, max-video-preview:-1\" \/>\n<link rel=\"canonical\" href=\"https:\/\/maeshoney.com\/mes-del-alzheimer-no-les-olvides\/\" \/>\n<meta property=\"og:locale\" content=\"fr_FR\" \/>\n<meta property=\"og:type\" content=\"article\" \/>\n<meta property=\"og:title\" content=\"Mois de la maladie d&#039;Alzheimer, ne les oubliez pas - MAES HONEY\" \/>\n<meta property=\"og:description\" content=\"Septembre est le mois de la maladie d&rsquo;Alzheimer. Mais il est important de garder cette cause \u00e0 l&rsquo;esprit tout au long de l&rsquo;ann\u00e9e. Il y a beaucoup de personnes affect\u00e9es&hellip;\" \/>\n<meta property=\"og:url\" content=\"https:\/\/maeshoney.com\/mes-del-alzheimer-no-les-olvides\/\" \/>\n<meta property=\"og:site_name\" content=\"MAES HONEY\" \/>\n<meta property=\"article:published_time\" content=\"2020-11-17T11:59:11+00:00\" \/>\n<meta property=\"og:image\" content=\"https:\/\/maeshoney.com\/wp-content\/uploads\/2018\/07\/ALZHEIMER-e1543570578987.jpg\" \/>\n\t<meta property=\"og:image:width\" content=\"800\" \/>\n\t<meta property=\"og:image:height\" content=\"800\" \/>\n\t<meta property=\"og:image:type\" content=\"image\/jpeg\" \/>\n<meta name=\"author\" content=\"Maes Honey\" \/>\n<meta name=\"twitter:card\" content=\"summary_large_image\" \/>\n<meta name=\"twitter:label1\" content=\"\u00c9crit par\" \/>\n\t<meta name=\"twitter:data1\" content=\"Maes Honey\" \/>\n\t<meta name=\"twitter:label2\" content=\"Dur\u00e9e de lecture estim\u00e9e\" \/>\n\t<meta name=\"twitter:data2\" content=\"2 minutes\" \/>\n<script type=\"application\/ld+json\" class=\"yoast-schema-graph\">{\"@context\":\"https:\/\/schema.org\",\"@graph\":[{\"@type\":\"Article\",\"@id\":\"https:\/\/maeshoney.com\/mes-del-alzheimer-no-les-olvides\/#article\",\"isPartOf\":{\"@id\":\"https:\/\/maeshoney.com\/mes-del-alzheimer-no-les-olvides\/\"},\"author\":{\"name\":\"Maes Honey\",\"@id\":\"https:\/\/maeshoney.com\/#\/schema\/person\/5cf874002647ce98247633bceaf1641d\"},\"headline\":\"Mois de la maladie d&#039;Alzheimer, ne les oubliez pas\",\"datePublished\":\"2020-11-17T11:59:11+00:00\",\"mainEntityOfPage\":{\"@id\":\"https:\/\/maeshoney.com\/mes-del-alzheimer-no-les-olvides\/\"},\"wordCount\":380,\"publisher\":{\"@id\":\"https:\/\/maeshoney.com\/#organization\"},\"image\":{\"@id\":\"https:\/\/maeshoney.com\/mes-del-alzheimer-no-les-olvides\/#primaryimage\"},\"thumbnailUrl\":\"https:\/\/maeshoney.com\/wp-content\/uploads\/2018\/07\/ALZHEIMER-e1543570578987.jpg\",\"articleSection\":[\"Non classifi\u00e9(e)\"],\"inLanguage\":\"fr-FR\"},{\"@type\":\"WebPage\",\"@id\":\"https:\/\/maeshoney.com\/mes-del-alzheimer-no-les-olvides\/\",\"url\":\"https:\/\/maeshoney.com\/mes-del-alzheimer-no-les-olvides\/\",\"name\":\"Mois de la maladie d&#039;Alzheimer, ne les oubliez pas - MAES HONEY\",\"isPartOf\":{\"@id\":\"https:\/\/maeshoney.com\/#website\"},\"primaryImageOfPage\":{\"@id\":\"https:\/\/maeshoney.com\/mes-del-alzheimer-no-les-olvides\/#primaryimage\"},\"image\":{\"@id\":\"https:\/\/maeshoney.com\/mes-del-alzheimer-no-les-olvides\/#primaryimage\"},\"thumbnailUrl\":\"https:\/\/maeshoney.com\/wp-content\/uploads\/2018\/07\/ALZHEIMER-e1543570578987.jpg\",\"datePublished\":\"2020-11-17T11:59:11+00:00\",\"breadcrumb\":{\"@id\":\"https:\/\/maeshoney.com\/mes-del-alzheimer-no-les-olvides\/#breadcrumb\"},\"inLanguage\":\"fr-FR\",\"potentialAction\":[{\"@type\":\"ReadAction\",\"target\":[\"https:\/\/maeshoney.com\/mes-del-alzheimer-no-les-olvides\/\"]}]},{\"@type\":\"ImageObject\",\"inLanguage\":\"fr-FR\",\"@id\":\"https:\/\/maeshoney.com\/mes-del-alzheimer-no-les-olvides\/#primaryimage\",\"url\":\"https:\/\/maeshoney.com\/wp-content\/uploads\/2018\/07\/ALZHEIMER-e1543570578987.jpg\",\"contentUrl\":\"https:\/\/maeshoney.com\/wp-content\/uploads\/2018\/07\/ALZHEIMER-e1543570578987.jpg\",\"width\":800,\"height\":800,\"caption\":\"Alzheimer maes honey\"},{\"@type\":\"BreadcrumbList\",\"@id\":\"https:\/\/maeshoney.com\/mes-del-alzheimer-no-les-olvides\/#breadcrumb\",\"itemListElement\":[{\"@type\":\"ListItem\",\"position\":1,\"name\":\"Portada\",\"item\":\"https:\/\/maeshoney.com\/fr\/\"},{\"@type\":\"ListItem\",\"position\":2,\"name\":\"Mois de la maladie d&#039;Alzheimer, ne les oubliez pas\"}]},{\"@type\":\"WebSite\",\"@id\":\"https:\/\/maeshoney.com\/#website\",\"url\":\"https:\/\/maeshoney.com\/\",\"name\":\"MAES HONEY\",\"description\":\"En Maes Honey somos l\u00edderes en la exportaci\u00f3n de miel en Espa\u00f1a. Contamos con una gran capacidad de producci\u00f3n de miel anual.\",\"publisher\":{\"@id\":\"https:\/\/maeshoney.com\/#organization\"},\"potentialAction\":[{\"@type\":\"SearchAction\",\"target\":{\"@type\":\"EntryPoint\",\"urlTemplate\":\"https:\/\/maeshoney.com\/?s={search_term_string}\"},\"query-input\":{\"@type\":\"PropertyValueSpecification\",\"valueRequired\":true,\"valueName\":\"search_term_string\"}}],\"inLanguage\":\"fr-FR\"},{\"@type\":\"Organization\",\"@id\":\"https:\/\/maeshoney.com\/#organization\",\"name\":\"MAES HONEY\",\"url\":\"https:\/\/maeshoney.com\/\",\"logo\":{\"@type\":\"ImageObject\",\"inLanguage\":\"fr-FR\",\"@id\":\"https:\/\/maeshoney.com\/#\/schema\/logo\/image\/\",\"url\":\"https:\/\/maeshoney.com\/wp-content\/uploads\/2023\/11\/maes-honey-logo-es.png\",\"contentUrl\":\"https:\/\/maeshoney.com\/wp-content\/uploads\/2023\/11\/maes-honey-logo-es.png\",\"width\":157,\"height\":66,\"caption\":\"MAES HONEY\"},\"image\":{\"@id\":\"https:\/\/maeshoney.com\/#\/schema\/logo\/image\/\"}},{\"@type\":\"Person\",\"@id\":\"https:\/\/maeshoney.com\/#\/schema\/person\/5cf874002647ce98247633bceaf1641d\",\"name\":\"Maes Honey\",\"image\":{\"@type\":\"ImageObject\",\"inLanguage\":\"fr-FR\",\"@id\":\"https:\/\/maeshoney.com\/#\/schema\/person\/image\/\",\"url\":\"https:\/\/secure.gravatar.com\/avatar\/93b9711a2ec5c6e5eac330335a9276e015de93f7e8de8011ed0a8793f9d0226c?s=96&d=mm&r=g\",\"contentUrl\":\"https:\/\/secure.gravatar.com\/avatar\/93b9711a2ec5c6e5eac330335a9276e015de93f7e8de8011ed0a8793f9d0226c?s=96&d=mm&r=g\",\"caption\":\"Maes Honey\"}}]}<\/script>\n<!-- \/ Yoast SEO plugin. -->","yoast_head_json":{"title":"Mois de la maladie d&#039;Alzheimer, ne les oubliez pas - MAES HONEY","robots":{"index":"index","follow":"follow","max-snippet":"max-snippet:-1","max-image-preview":"max-image-preview:large","max-video-preview":"max-video-preview:-1"},"canonical":"https:\/\/maeshoney.com\/mes-del-alzheimer-no-les-olvides\/","og_locale":"fr_FR","og_type":"article","og_title":"Mois de la maladie d&#039;Alzheimer, ne les oubliez pas - MAES HONEY","og_description":"Septembre est le mois de la maladie d&rsquo;Alzheimer. Mais il est important de garder cette cause \u00e0 l&rsquo;esprit tout au long de l&rsquo;ann\u00e9e. Il y a beaucoup de personnes affect\u00e9es&hellip;","og_url":"https:\/\/maeshoney.com\/mes-del-alzheimer-no-les-olvides\/","og_site_name":"MAES HONEY","article_published_time":"2020-11-17T11:59:11+00:00","og_image":[{"width":800,"height":800,"url":"https:\/\/maeshoney.com\/wp-content\/uploads\/2018\/07\/ALZHEIMER-e1543570578987.jpg","type":"image\/jpeg"}],"author":"Maes Honey","twitter_card":"summary_large_image","twitter_misc":{"\u00c9crit par":"Maes Honey","Dur\u00e9e de lecture estim\u00e9e":"2 minutes"},"schema":{"@context":"https:\/\/schema.org","@graph":[{"@type":"Article","@id":"https:\/\/maeshoney.com\/mes-del-alzheimer-no-les-olvides\/#article","isPartOf":{"@id":"https:\/\/maeshoney.com\/mes-del-alzheimer-no-les-olvides\/"},"author":{"name":"Maes Honey","@id":"https:\/\/maeshoney.com\/#\/schema\/person\/5cf874002647ce98247633bceaf1641d"},"headline":"Mois de la maladie d&#039;Alzheimer, ne les oubliez pas","datePublished":"2020-11-17T11:59:11+00:00","mainEntityOfPage":{"@id":"https:\/\/maeshoney.com\/mes-del-alzheimer-no-les-olvides\/"},"wordCount":380,"publisher":{"@id":"https:\/\/maeshoney.com\/#organization"},"image":{"@id":"https:\/\/maeshoney.com\/mes-del-alzheimer-no-les-olvides\/#primaryimage"},"thumbnailUrl":"https:\/\/maeshoney.com\/wp-content\/uploads\/2018\/07\/ALZHEIMER-e1543570578987.jpg","articleSection":["Non classifi\u00e9(e)"],"inLanguage":"fr-FR"},{"@type":"WebPage","@id":"https:\/\/maeshoney.com\/mes-del-alzheimer-no-les-olvides\/","url":"https:\/\/maeshoney.com\/mes-del-alzheimer-no-les-olvides\/","name":"Mois de la maladie d&#039;Alzheimer, ne les oubliez pas - MAES HONEY","isPartOf":{"@id":"https:\/\/maeshoney.com\/#website"},"primaryImageOfPage":{"@id":"https:\/\/maeshoney.com\/mes-del-alzheimer-no-les-olvides\/#primaryimage"},"image":{"@id":"https:\/\/maeshoney.com\/mes-del-alzheimer-no-les-olvides\/#primaryimage"},"thumbnailUrl":"https:\/\/maeshoney.com\/wp-content\/uploads\/2018\/07\/ALZHEIMER-e1543570578987.jpg","datePublished":"2020-11-17T11:59:11+00:00","breadcrumb":{"@id":"https:\/\/maeshoney.com\/mes-del-alzheimer-no-les-olvides\/#breadcrumb"},"inLanguage":"fr-FR","potentialAction":[{"@type":"ReadAction","target":["https:\/\/maeshoney.com\/mes-del-alzheimer-no-les-olvides\/"]}]},{"@type":"ImageObject","inLanguage":"fr-FR","@id":"https:\/\/maeshoney.com\/mes-del-alzheimer-no-les-olvides\/#primaryimage","url":"https:\/\/maeshoney.com\/wp-content\/uploads\/2018\/07\/ALZHEIMER-e1543570578987.jpg","contentUrl":"https:\/\/maeshoney.com\/wp-content\/uploads\/2018\/07\/ALZHEIMER-e1543570578987.jpg","width":800,"height":800,"caption":"Alzheimer maes honey"},{"@type":"BreadcrumbList","@id":"https:\/\/maeshoney.com\/mes-del-alzheimer-no-les-olvides\/#breadcrumb","itemListElement":[{"@type":"ListItem","position":1,"name":"Portada","item":"https:\/\/maeshoney.com\/fr\/"},{"@type":"ListItem","position":2,"name":"Mois de la maladie d&#039;Alzheimer, ne les oubliez pas"}]},{"@type":"WebSite","@id":"https:\/\/maeshoney.com\/#website","url":"https:\/\/maeshoney.com\/","name":"MAES HONEY","description":"En Maes Honey somos l\u00edderes en la exportaci\u00f3n de miel en Espa\u00f1a. Contamos con una gran capacidad de producci\u00f3n de miel anual.","publisher":{"@id":"https:\/\/maeshoney.com\/#organization"},"potentialAction":[{"@type":"SearchAction","target":{"@type":"EntryPoint","urlTemplate":"https:\/\/maeshoney.com\/?s={search_term_string}"},"query-input":{"@type":"PropertyValueSpecification","valueRequired":true,"valueName":"search_term_string"}}],"inLanguage":"fr-FR"},{"@type":"Organization","@id":"https:\/\/maeshoney.com\/#organization","name":"MAES HONEY","url":"https:\/\/maeshoney.com\/","logo":{"@type":"ImageObject","inLanguage":"fr-FR","@id":"https:\/\/maeshoney.com\/#\/schema\/logo\/image\/","url":"https:\/\/maeshoney.com\/wp-content\/uploads\/2023\/11\/maes-honey-logo-es.png","contentUrl":"https:\/\/maeshoney.com\/wp-content\/uploads\/2023\/11\/maes-honey-logo-es.png","width":157,"height":66,"caption":"MAES HONEY"},"image":{"@id":"https:\/\/maeshoney.com\/#\/schema\/logo\/image\/"}},{"@type":"Person","@id":"https:\/\/maeshoney.com\/#\/schema\/person\/5cf874002647ce98247633bceaf1641d","name":"Maes Honey","image":{"@type":"ImageObject","inLanguage":"fr-FR","@id":"https:\/\/maeshoney.com\/#\/schema\/person\/image\/","url":"https:\/\/secure.gravatar.com\/avatar\/93b9711a2ec5c6e5eac330335a9276e015de93f7e8de8011ed0a8793f9d0226c?s=96&d=mm&r=g","contentUrl":"https:\/\/secure.gravatar.com\/avatar\/93b9711a2ec5c6e5eac330335a9276e015de93f7e8de8011ed0a8793f9d0226c?s=96&d=mm&r=g","caption":"Maes Honey"}}]}},"_links":{"self":[{"href":"https:\/\/maeshoney.com\/fr\/wp-json\/wp\/v2\/posts\/11949","targetHints":{"allow":["GET"]}}],"collection":[{"href":"https:\/\/maeshoney.com\/fr\/wp-json\/wp\/v2\/posts"}],"about":[{"href":"https:\/\/maeshoney.com\/fr\/wp-json\/wp\/v2\/types\/post"}],"author":[{"embeddable":true,"href":"https:\/\/maeshoney.com\/fr\/wp-json\/wp\/v2\/users\/20"}],"replies":[{"embeddable":true,"href":"https:\/\/maeshoney.com\/fr\/wp-json\/wp\/v2\/comments?post=11949"}],"version-history":[{"count":0,"href":"https:\/\/maeshoney.com\/fr\/wp-json\/wp\/v2\/posts\/11949\/revisions"}],"wp:featuredmedia":[{"embeddable":true,"href":"https:\/\/maeshoney.com\/fr\/wp-json\/wp\/v2\/media\/11257"}],"wp:attachment":[{"href":"https:\/\/maeshoney.com\/fr\/wp-json\/wp\/v2\/media?parent=11949"}],"wp:term":[{"taxonomy":"category","embeddable":true,"href":"https:\/\/maeshoney.com\/fr\/wp-json\/wp\/v2\/categories?post=11949"},{"taxonomy":"post_tag","embeddable":true,"href":"https:\/\/maeshoney.com\/fr\/wp-json\/wp\/v2\/tags?post=11949"}],"curies":[{"name":"wp","href":"https:\/\/api.w.org\/{rel}","templated":true}]}}