{"id":11935,"date":"2020-11-17T11:41:43","date_gmt":"2020-11-17T11:41:43","guid":{"rendered":"https:\/\/maeshoney.com\/?p=11935"},"modified":"2020-11-17T11:41:44","modified_gmt":"2020-11-17T11:41:44","slug":"commence-le-doux-automne-avec-du-miel","status":"publish","type":"post","link":"https:\/\/maeshoney.com\/fr\/commence-le-doux-automne-avec-du-miel\/","title":{"rendered":"Commence le doux automne avec du miel"},"content":{"rendered":"\n<p>Aujourd&rsquo;hui, 23 septembre \u00e0 03h54, Commence le doux automne avec du miel . Un temps o\u00f9 la campagne est pleine de belles couleurs dor\u00e9es et brunes qui nous rappellent tellement le miel. En outre, les apr\u00e8s-midi pluvieux et les rhumes pas si d\u00e9sir\u00e9s commencent. Ce moment est id\u00e9al pour \u00eatre toujours accompagn\u00e9 de miel. Parce que nous nous souvenons aussi beaucoup d&rsquo;elle parce que nous sommes plus \u00e0 la maison. Et qui ne veut pas accompagner au miel ces apr\u00e8s-midi o\u00f9 l&rsquo;on entend la pluie dehors?<br>Donc, si vous commencez \u00e0 remarquer que votre gorge souffre du mauvais temps, n&rsquo;h\u00e9sitez pas, prenez du miel \u00ab\u00a0Las Abejas\u00a0\u00bb. Honey g\u00e9n\u00e8re un film qui vous fait pas de faucon.<br>Mais alors que nous commen\u00e7ons l&rsquo;\u00e9t\u00e9, les fleurs et le printemps commencent dans l&rsquo;autre h\u00e9misph\u00e8re.<\/p>\n\n\n\n<h5 class=\"wp-block-heading\">Qu&rsquo;est-ce que l&rsquo;automne pour les abeilles?<\/h5>\n\n\n\n<p>Les abeilles se pr\u00e9parent pour l&rsquo;hiver et profitent, entre autres, de la m\u00e9lasse ou du miellat des arbres, allant aux Encinas ou aux ch\u00eanes. En Espagne, le miel produit durant ces mois est tr\u00e8s important. Ce type de miel est tr\u00e8s populaire dans notre pays, mais il est \u00e9galement tr\u00e8s appr\u00e9ci\u00e9 \u00e0 l&rsquo;\u00e9tranger. Il est populairement connu sous le nom de miel de for\u00eat. Et sa caract\u00e9ristique est une couleur sombre avec une saveur intense.<br>De plus, en septembre, les drones sont expuls\u00e9s de la ruche, car ils ont d\u00e9j\u00e0 accompli leur travail de fertilisation des jeunes reines. Et pour sa part, la reine r\u00e9duit la ponte, ce qui fait que les abeilles n\u2019ont plus autant \u00e0 nourrir. D&rsquo;autre part, les abeilles \u00e2g\u00e9es meurent de fatigue en raison de la grande activit\u00e9 qu&rsquo;elles ont d\u00fb d\u00e9velopper en \u00e9t\u00e9. Et toute cette cha\u00eene fait que les prot\u00e9ines du corps diminuent et s&rsquo;accumulent dans de nouvelles abeilles. Par cons\u00e9quent, comme il n&rsquo;y a pas beaucoup de larves, le reste peut acqu\u00e9rir plus de prot\u00e9ines et de force.<br>En conclusion, il est important que dans cette saison, le nombre d&rsquo;abeilles augmente avec l&rsquo;\u00e9levage, de sorte qu&rsquo;en hiver la temp\u00e9rature id\u00e9ale puisse \u00eatre maintenue pour \u00e9viter la mortalit\u00e9. Et cela doit \u00eatre li\u00e9 \u00e0 un r\u00e9gime correct pour que les prot\u00e9ines du corps augmentent. Donc, si vous voyez des ruchers, vous trouverez s\u00fbrement des apiculteurs qui gardent les ruches.<\/p>\n","protected":false},"excerpt":{"rendered":"<p>Aujourd&rsquo;hui, 23 septembre \u00e0 03h54, Commence le doux automne avec du miel . Un temps o\u00f9 la campagne est pleine de belles couleurs dor\u00e9es et brunes qui nous rappellent tellement&hellip;<\/p>\n","protected":false},"author":20,"featured_media":0,"comment_status":"closed","ping_status":"closed","sticky":false,"template":"","format":"standard","meta":{"_acf_changed":false,"footnotes":""},"categories":[103,97],"tags":[],"class_list":["post-11935","post","type-post","status-publish","format-standard","hentry","category-curiosites","category-non-classifiee"],"acf":[],"yoast_head":"<!-- This site is optimized with the Yoast SEO plugin v27.1.1 - https:\/\/yoast.com\/product\/yoast-seo-wordpress\/ -->\n<title>Commence le doux automne avec du miel - MAES HONEY<\/title>\n<meta name=\"robots\" content=\"index, follow, max-snippet:-1, max-image-preview:large, max-video-preview:-1\" \/>\n<link rel=\"canonical\" href=\"https:\/\/maeshoney.com\/comienza-el-dulce-otono-con-miel\/\" \/>\n<meta property=\"og:locale\" content=\"fr_FR\" \/>\n<meta property=\"og:type\" content=\"article\" \/>\n<meta property=\"og:title\" content=\"Commence le doux automne avec du miel - MAES HONEY\" \/>\n<meta property=\"og:description\" content=\"Aujourd&rsquo;hui, 23 septembre \u00e0 03h54, Commence le doux automne avec du miel . Un temps o\u00f9 la campagne est pleine de belles couleurs dor\u00e9es et brunes qui nous rappellent tellement&hellip;\" \/>\n<meta property=\"og:url\" content=\"https:\/\/maeshoney.com\/comienza-el-dulce-otono-con-miel\/\" \/>\n<meta property=\"og:site_name\" content=\"MAES HONEY\" \/>\n<meta property=\"article:published_time\" content=\"2020-11-17T11:41:43+00:00\" \/>\n<meta property=\"article:modified_time\" content=\"2020-11-17T11:41:44+00:00\" \/>\n<meta name=\"author\" content=\"Maes Honey\" \/>\n<meta name=\"twitter:card\" content=\"summary_large_image\" \/>\n<meta name=\"twitter:label1\" content=\"\u00c9crit par\" \/>\n\t<meta name=\"twitter:data1\" content=\"Maes Honey\" \/>\n\t<meta name=\"twitter:label2\" content=\"Dur\u00e9e de lecture estim\u00e9e\" \/>\n\t<meta name=\"twitter:data2\" content=\"2 minutes\" \/>\n<script type=\"application\/ld+json\" class=\"yoast-schema-graph\">{\"@context\":\"https:\/\/schema.org\",\"@graph\":[{\"@type\":\"Article\",\"@id\":\"https:\/\/maeshoney.com\/comienza-el-dulce-otono-con-miel\/#article\",\"isPartOf\":{\"@id\":\"https:\/\/maeshoney.com\/comienza-el-dulce-otono-con-miel\/\"},\"author\":{\"name\":\"Maes Honey\",\"@id\":\"https:\/\/maeshoney.com\/#\/schema\/person\/5cf874002647ce98247633bceaf1641d\"},\"headline\":\"Commence le doux automne avec du miel\",\"datePublished\":\"2020-11-17T11:41:43+00:00\",\"dateModified\":\"2020-11-17T11:41:44+00:00\",\"mainEntityOfPage\":{\"@id\":\"https:\/\/maeshoney.com\/comienza-el-dulce-otono-con-miel\/\"},\"wordCount\":411,\"publisher\":{\"@id\":\"https:\/\/maeshoney.com\/#organization\"},\"articleSection\":[\"Curiosit\u00e9s\",\"Non classifi\u00e9(e)\"],\"inLanguage\":\"fr-FR\"},{\"@type\":\"WebPage\",\"@id\":\"https:\/\/maeshoney.com\/comienza-el-dulce-otono-con-miel\/\",\"url\":\"https:\/\/maeshoney.com\/comienza-el-dulce-otono-con-miel\/\",\"name\":\"Commence le doux automne avec du miel - MAES HONEY\",\"isPartOf\":{\"@id\":\"https:\/\/maeshoney.com\/#website\"},\"datePublished\":\"2020-11-17T11:41:43+00:00\",\"dateModified\":\"2020-11-17T11:41:44+00:00\",\"breadcrumb\":{\"@id\":\"https:\/\/maeshoney.com\/comienza-el-dulce-otono-con-miel\/#breadcrumb\"},\"inLanguage\":\"fr-FR\",\"potentialAction\":[{\"@type\":\"ReadAction\",\"target\":[\"https:\/\/maeshoney.com\/comienza-el-dulce-otono-con-miel\/\"]}]},{\"@type\":\"BreadcrumbList\",\"@id\":\"https:\/\/maeshoney.com\/comienza-el-dulce-otono-con-miel\/#breadcrumb\",\"itemListElement\":[{\"@type\":\"ListItem\",\"position\":1,\"name\":\"Portada\",\"item\":\"https:\/\/maeshoney.com\/fr\/\"},{\"@type\":\"ListItem\",\"position\":2,\"name\":\"Commence le doux automne avec du miel\"}]},{\"@type\":\"WebSite\",\"@id\":\"https:\/\/maeshoney.com\/#website\",\"url\":\"https:\/\/maeshoney.com\/\",\"name\":\"MAES HONEY\",\"description\":\"En Maes Honey somos l\u00edderes en la exportaci\u00f3n de miel en Espa\u00f1a. Contamos con una gran capacidad de producci\u00f3n de miel anual.\",\"publisher\":{\"@id\":\"https:\/\/maeshoney.com\/#organization\"},\"potentialAction\":[{\"@type\":\"SearchAction\",\"target\":{\"@type\":\"EntryPoint\",\"urlTemplate\":\"https:\/\/maeshoney.com\/?s={search_term_string}\"},\"query-input\":{\"@type\":\"PropertyValueSpecification\",\"valueRequired\":true,\"valueName\":\"search_term_string\"}}],\"inLanguage\":\"fr-FR\"},{\"@type\":\"Organization\",\"@id\":\"https:\/\/maeshoney.com\/#organization\",\"name\":\"MAES HONEY\",\"url\":\"https:\/\/maeshoney.com\/\",\"logo\":{\"@type\":\"ImageObject\",\"inLanguage\":\"fr-FR\",\"@id\":\"https:\/\/maeshoney.com\/#\/schema\/logo\/image\/\",\"url\":\"https:\/\/maeshoney.com\/wp-content\/uploads\/2023\/11\/maes-honey-logo-es.png\",\"contentUrl\":\"https:\/\/maeshoney.com\/wp-content\/uploads\/2023\/11\/maes-honey-logo-es.png\",\"width\":157,\"height\":66,\"caption\":\"MAES HONEY\"},\"image\":{\"@id\":\"https:\/\/maeshoney.com\/#\/schema\/logo\/image\/\"}},{\"@type\":\"Person\",\"@id\":\"https:\/\/maeshoney.com\/#\/schema\/person\/5cf874002647ce98247633bceaf1641d\",\"name\":\"Maes Honey\",\"image\":{\"@type\":\"ImageObject\",\"inLanguage\":\"fr-FR\",\"@id\":\"https:\/\/maeshoney.com\/#\/schema\/person\/image\/\",\"url\":\"https:\/\/secure.gravatar.com\/avatar\/93b9711a2ec5c6e5eac330335a9276e015de93f7e8de8011ed0a8793f9d0226c?s=96&d=mm&r=g\",\"contentUrl\":\"https:\/\/secure.gravatar.com\/avatar\/93b9711a2ec5c6e5eac330335a9276e015de93f7e8de8011ed0a8793f9d0226c?s=96&d=mm&r=g\",\"caption\":\"Maes Honey\"}}]}<\/script>\n<!-- \/ Yoast SEO plugin. -->","yoast_head_json":{"title":"Commence le doux automne avec du miel - MAES HONEY","robots":{"index":"index","follow":"follow","max-snippet":"max-snippet:-1","max-image-preview":"max-image-preview:large","max-video-preview":"max-video-preview:-1"},"canonical":"https:\/\/maeshoney.com\/comienza-el-dulce-otono-con-miel\/","og_locale":"fr_FR","og_type":"article","og_title":"Commence le doux automne avec du miel - MAES HONEY","og_description":"Aujourd&rsquo;hui, 23 septembre \u00e0 03h54, Commence le doux automne avec du miel . Un temps o\u00f9 la campagne est pleine de belles couleurs dor\u00e9es et brunes qui nous rappellent tellement&hellip;","og_url":"https:\/\/maeshoney.com\/comienza-el-dulce-otono-con-miel\/","og_site_name":"MAES HONEY","article_published_time":"2020-11-17T11:41:43+00:00","article_modified_time":"2020-11-17T11:41:44+00:00","author":"Maes Honey","twitter_card":"summary_large_image","twitter_misc":{"\u00c9crit par":"Maes Honey","Dur\u00e9e de lecture estim\u00e9e":"2 minutes"},"schema":{"@context":"https:\/\/schema.org","@graph":[{"@type":"Article","@id":"https:\/\/maeshoney.com\/comienza-el-dulce-otono-con-miel\/#article","isPartOf":{"@id":"https:\/\/maeshoney.com\/comienza-el-dulce-otono-con-miel\/"},"author":{"name":"Maes Honey","@id":"https:\/\/maeshoney.com\/#\/schema\/person\/5cf874002647ce98247633bceaf1641d"},"headline":"Commence le doux automne avec du miel","datePublished":"2020-11-17T11:41:43+00:00","dateModified":"2020-11-17T11:41:44+00:00","mainEntityOfPage":{"@id":"https:\/\/maeshoney.com\/comienza-el-dulce-otono-con-miel\/"},"wordCount":411,"publisher":{"@id":"https:\/\/maeshoney.com\/#organization"},"articleSection":["Curiosit\u00e9s","Non classifi\u00e9(e)"],"inLanguage":"fr-FR"},{"@type":"WebPage","@id":"https:\/\/maeshoney.com\/comienza-el-dulce-otono-con-miel\/","url":"https:\/\/maeshoney.com\/comienza-el-dulce-otono-con-miel\/","name":"Commence le doux automne avec du miel - MAES HONEY","isPartOf":{"@id":"https:\/\/maeshoney.com\/#website"},"datePublished":"2020-11-17T11:41:43+00:00","dateModified":"2020-11-17T11:41:44+00:00","breadcrumb":{"@id":"https:\/\/maeshoney.com\/comienza-el-dulce-otono-con-miel\/#breadcrumb"},"inLanguage":"fr-FR","potentialAction":[{"@type":"ReadAction","target":["https:\/\/maeshoney.com\/comienza-el-dulce-otono-con-miel\/"]}]},{"@type":"BreadcrumbList","@id":"https:\/\/maeshoney.com\/comienza-el-dulce-otono-con-miel\/#breadcrumb","itemListElement":[{"@type":"ListItem","position":1,"name":"Portada","item":"https:\/\/maeshoney.com\/fr\/"},{"@type":"ListItem","position":2,"name":"Commence le doux automne avec du miel"}]},{"@type":"WebSite","@id":"https:\/\/maeshoney.com\/#website","url":"https:\/\/maeshoney.com\/","name":"MAES HONEY","description":"En Maes Honey somos l\u00edderes en la exportaci\u00f3n de miel en Espa\u00f1a. Contamos con una gran capacidad de producci\u00f3n de miel anual.","publisher":{"@id":"https:\/\/maeshoney.com\/#organization"},"potentialAction":[{"@type":"SearchAction","target":{"@type":"EntryPoint","urlTemplate":"https:\/\/maeshoney.com\/?s={search_term_string}"},"query-input":{"@type":"PropertyValueSpecification","valueRequired":true,"valueName":"search_term_string"}}],"inLanguage":"fr-FR"},{"@type":"Organization","@id":"https:\/\/maeshoney.com\/#organization","name":"MAES HONEY","url":"https:\/\/maeshoney.com\/","logo":{"@type":"ImageObject","inLanguage":"fr-FR","@id":"https:\/\/maeshoney.com\/#\/schema\/logo\/image\/","url":"https:\/\/maeshoney.com\/wp-content\/uploads\/2023\/11\/maes-honey-logo-es.png","contentUrl":"https:\/\/maeshoney.com\/wp-content\/uploads\/2023\/11\/maes-honey-logo-es.png","width":157,"height":66,"caption":"MAES HONEY"},"image":{"@id":"https:\/\/maeshoney.com\/#\/schema\/logo\/image\/"}},{"@type":"Person","@id":"https:\/\/maeshoney.com\/#\/schema\/person\/5cf874002647ce98247633bceaf1641d","name":"Maes Honey","image":{"@type":"ImageObject","inLanguage":"fr-FR","@id":"https:\/\/maeshoney.com\/#\/schema\/person\/image\/","url":"https:\/\/secure.gravatar.com\/avatar\/93b9711a2ec5c6e5eac330335a9276e015de93f7e8de8011ed0a8793f9d0226c?s=96&d=mm&r=g","contentUrl":"https:\/\/secure.gravatar.com\/avatar\/93b9711a2ec5c6e5eac330335a9276e015de93f7e8de8011ed0a8793f9d0226c?s=96&d=mm&r=g","caption":"Maes Honey"}}]}},"_links":{"self":[{"href":"https:\/\/maeshoney.com\/fr\/wp-json\/wp\/v2\/posts\/11935","targetHints":{"allow":["GET"]}}],"collection":[{"href":"https:\/\/maeshoney.com\/fr\/wp-json\/wp\/v2\/posts"}],"about":[{"href":"https:\/\/maeshoney.com\/fr\/wp-json\/wp\/v2\/types\/post"}],"author":[{"embeddable":true,"href":"https:\/\/maeshoney.com\/fr\/wp-json\/wp\/v2\/users\/20"}],"replies":[{"embeddable":true,"href":"https:\/\/maeshoney.com\/fr\/wp-json\/wp\/v2\/comments?post=11935"}],"version-history":[{"count":0,"href":"https:\/\/maeshoney.com\/fr\/wp-json\/wp\/v2\/posts\/11935\/revisions"}],"wp:attachment":[{"href":"https:\/\/maeshoney.com\/fr\/wp-json\/wp\/v2\/media?parent=11935"}],"wp:term":[{"taxonomy":"category","embeddable":true,"href":"https:\/\/maeshoney.com\/fr\/wp-json\/wp\/v2\/categories?post=11935"},{"taxonomy":"post_tag","embeddable":true,"href":"https:\/\/maeshoney.com\/fr\/wp-json\/wp\/v2\/tags?post=11935"}],"curies":[{"name":"wp","href":"https:\/\/api.w.org\/{rel}","templated":true}]}}