{"id":11707,"date":"2020-11-17T09:58:07","date_gmt":"2020-11-17T09:58:07","guid":{"rendered":"https:\/\/maeshoney.com\/?p=11707"},"modified":"2020-11-17T09:58:08","modified_gmt":"2020-11-17T09:58:08","slug":"journee-scolaire-de-paix-et-de-non-violence","status":"publish","type":"post","link":"https:\/\/maeshoney.com\/fr\/journee-scolaire-de-paix-et-de-non-violence\/","title":{"rendered":"Journ\u00e9e Scolaire de Paix et de Non-Violence"},"content":{"rendered":"\n<p id=\"tw-target-text\">Dans les \u00e9coles, le 30 janvier, la Journ\u00e9e scolaire de la paix et de la non-violence est c\u00e9l\u00e9br\u00e9e. Il pratique dans des \u00e9coles du monde entier depuis 36 ans. Il est c\u00e9l\u00e9br\u00e9 \u00e0 la date o\u00f9 Gandhi. Un chef spirituel qui symbolise la r\u00e9sistance pacifique du monde, a \u00e9t\u00e9 tu\u00e9.&nbsp;&nbsp;Journ\u00e9e Scolaire de Paix et de Non-Violence<\/p>\n\n\n\n<h3 class=\"wp-block-heading\">Environnement de paix et de non-violence<\/h3>\n\n\n\n<p>D&rsquo;une part, diverses activit\u00e9s scolaires sont men\u00e9es autour du message de non-violence. D&rsquo;autre part, les enfants, les jeunes et leurs familles sont r\u00e9fl\u00e9chis sur diff\u00e9rents sujets. Parmi eux: le respect, l&rsquo;amour, la justice, la libert\u00e9, l&rsquo;\u00e9galit\u00e9, la tol\u00e9rance, la responsabilit\u00e9, l&rsquo;honn\u00eatet\u00e9 &#8230; et la d\u00e9fense des droits de l&rsquo;homme.<\/p>\n\n\n\n<p>Pour promouvoir la culture de la paix, elle doit se faire \u00e0 partir de la base de l&rsquo;\u00e9ducation, dans laquelle les \u00e9ducateurs et les familles jouent un r\u00f4le fondamental.<\/p>\n\n\n\n<p>De Maes Honey, nous soutenons tous les \u00e9ducateurs et les familles qui forment les enfants et les jeunes dans un environnement de paix et de non-violence.<\/p>\n\n\n\n<figure class=\"wp-block-embed\"><div class=\"wp-block-embed__wrapper\">\nhttps:\/\/www.facebook.com\/MaesHoney\/\n<\/div><\/figure>\n","protected":false},"excerpt":{"rendered":"<p>Dans les \u00e9coles, le 30 janvier, la Journ\u00e9e scolaire de la paix et de la non-violence est c\u00e9l\u00e9br\u00e9e. Il pratique dans des \u00e9coles du monde entier depuis 36 ans. Il&hellip;<\/p>\n","protected":false},"author":20,"featured_media":11369,"comment_status":"closed","ping_status":"closed","sticky":false,"template":"","format":"standard","meta":{"_acf_changed":false,"footnotes":""},"categories":[97],"tags":[],"class_list":["post-11707","post","type-post","status-publish","format-standard","has-post-thumbnail","hentry","category-non-classifiee"],"acf":[],"yoast_head":"<!-- This site is optimized with the Yoast SEO plugin v27.1.1 - https:\/\/yoast.com\/product\/yoast-seo-wordpress\/ -->\n<title>Journ\u00e9e Scolaire de Paix et de Non-Violence - MAES HONEY<\/title>\n<meta name=\"robots\" content=\"index, follow, max-snippet:-1, max-image-preview:large, max-video-preview:-1\" \/>\n<link rel=\"canonical\" href=\"https:\/\/maeshoney.com\/dia-escolar-de-la-paz-y-la-no-violencia\/\" \/>\n<meta property=\"og:locale\" content=\"fr_FR\" \/>\n<meta property=\"og:type\" content=\"article\" \/>\n<meta property=\"og:title\" content=\"Journ\u00e9e Scolaire de Paix et de Non-Violence - MAES HONEY\" \/>\n<meta property=\"og:description\" content=\"Dans les \u00e9coles, le 30 janvier, la Journ\u00e9e scolaire de la paix et de la non-violence est c\u00e9l\u00e9br\u00e9e. Il pratique dans des \u00e9coles du monde entier depuis 36 ans. Il&hellip;\" \/>\n<meta property=\"og:url\" content=\"https:\/\/maeshoney.com\/dia-escolar-de-la-paz-y-la-no-violencia\/\" \/>\n<meta property=\"og:site_name\" content=\"MAES HONEY\" \/>\n<meta property=\"article:published_time\" content=\"2020-11-17T09:58:07+00:00\" \/>\n<meta property=\"article:modified_time\" content=\"2020-11-17T09:58:08+00:00\" \/>\n<meta property=\"og:image\" content=\"https:\/\/maeshoney.com\/wp-content\/uploads\/2020\/01\/dia-escolar-no-violencia.jpg\" \/>\n\t<meta property=\"og:image:width\" content=\"808\" \/>\n\t<meta property=\"og:image:height\" content=\"806\" \/>\n\t<meta property=\"og:image:type\" content=\"image\/jpeg\" \/>\n<meta name=\"author\" content=\"Maes Honey\" \/>\n<meta name=\"twitter:card\" content=\"summary_large_image\" \/>\n<meta name=\"twitter:label1\" content=\"\u00c9crit par\" \/>\n\t<meta name=\"twitter:data1\" content=\"Maes Honey\" \/>\n\t<meta name=\"twitter:label2\" content=\"Dur\u00e9e de lecture estim\u00e9e\" \/>\n\t<meta name=\"twitter:data2\" content=\"1 minute\" \/>\n<script type=\"application\/ld+json\" class=\"yoast-schema-graph\">{\"@context\":\"https:\/\/schema.org\",\"@graph\":[{\"@type\":\"Article\",\"@id\":\"https:\/\/maeshoney.com\/dia-escolar-de-la-paz-y-la-no-violencia\/#article\",\"isPartOf\":{\"@id\":\"https:\/\/maeshoney.com\/dia-escolar-de-la-paz-y-la-no-violencia\/\"},\"author\":{\"name\":\"Maes Honey\",\"@id\":\"https:\/\/maeshoney.com\/#\/schema\/person\/5cf874002647ce98247633bceaf1641d\"},\"headline\":\"Journ\u00e9e Scolaire de Paix et de Non-Violence\",\"datePublished\":\"2020-11-17T09:58:07+00:00\",\"dateModified\":\"2020-11-17T09:58:08+00:00\",\"mainEntityOfPage\":{\"@id\":\"https:\/\/maeshoney.com\/dia-escolar-de-la-paz-y-la-no-violencia\/\"},\"wordCount\":196,\"publisher\":{\"@id\":\"https:\/\/maeshoney.com\/#organization\"},\"image\":{\"@id\":\"https:\/\/maeshoney.com\/dia-escolar-de-la-paz-y-la-no-violencia\/#primaryimage\"},\"thumbnailUrl\":\"https:\/\/maeshoney.com\/wp-content\/uploads\/2020\/01\/dia-escolar-no-violencia.jpg\",\"articleSection\":[\"Non classifi\u00e9(e)\"],\"inLanguage\":\"fr-FR\"},{\"@type\":\"WebPage\",\"@id\":\"https:\/\/maeshoney.com\/dia-escolar-de-la-paz-y-la-no-violencia\/\",\"url\":\"https:\/\/maeshoney.com\/dia-escolar-de-la-paz-y-la-no-violencia\/\",\"name\":\"Journ\u00e9e Scolaire de Paix et de Non-Violence - MAES HONEY\",\"isPartOf\":{\"@id\":\"https:\/\/maeshoney.com\/#website\"},\"primaryImageOfPage\":{\"@id\":\"https:\/\/maeshoney.com\/dia-escolar-de-la-paz-y-la-no-violencia\/#primaryimage\"},\"image\":{\"@id\":\"https:\/\/maeshoney.com\/dia-escolar-de-la-paz-y-la-no-violencia\/#primaryimage\"},\"thumbnailUrl\":\"https:\/\/maeshoney.com\/wp-content\/uploads\/2020\/01\/dia-escolar-no-violencia.jpg\",\"datePublished\":\"2020-11-17T09:58:07+00:00\",\"dateModified\":\"2020-11-17T09:58:08+00:00\",\"breadcrumb\":{\"@id\":\"https:\/\/maeshoney.com\/dia-escolar-de-la-paz-y-la-no-violencia\/#breadcrumb\"},\"inLanguage\":\"fr-FR\",\"potentialAction\":[{\"@type\":\"ReadAction\",\"target\":[\"https:\/\/maeshoney.com\/dia-escolar-de-la-paz-y-la-no-violencia\/\"]}]},{\"@type\":\"ImageObject\",\"inLanguage\":\"fr-FR\",\"@id\":\"https:\/\/maeshoney.com\/dia-escolar-de-la-paz-y-la-no-violencia\/#primaryimage\",\"url\":\"https:\/\/maeshoney.com\/wp-content\/uploads\/2020\/01\/dia-escolar-no-violencia.jpg\",\"contentUrl\":\"https:\/\/maeshoney.com\/wp-content\/uploads\/2020\/01\/dia-escolar-no-violencia.jpg\",\"width\":808,\"height\":806,\"caption\":\"d\u00eda escolar contra la no violencia\"},{\"@type\":\"BreadcrumbList\",\"@id\":\"https:\/\/maeshoney.com\/dia-escolar-de-la-paz-y-la-no-violencia\/#breadcrumb\",\"itemListElement\":[{\"@type\":\"ListItem\",\"position\":1,\"name\":\"Portada\",\"item\":\"https:\/\/maeshoney.com\/fr\/\"},{\"@type\":\"ListItem\",\"position\":2,\"name\":\"Journ\u00e9e Scolaire de Paix et de Non-Violence\"}]},{\"@type\":\"WebSite\",\"@id\":\"https:\/\/maeshoney.com\/#website\",\"url\":\"https:\/\/maeshoney.com\/\",\"name\":\"MAES HONEY\",\"description\":\"En Maes Honey somos l\u00edderes en la exportaci\u00f3n de miel en Espa\u00f1a. Contamos con una gran capacidad de producci\u00f3n de miel anual.\",\"publisher\":{\"@id\":\"https:\/\/maeshoney.com\/#organization\"},\"potentialAction\":[{\"@type\":\"SearchAction\",\"target\":{\"@type\":\"EntryPoint\",\"urlTemplate\":\"https:\/\/maeshoney.com\/?s={search_term_string}\"},\"query-input\":{\"@type\":\"PropertyValueSpecification\",\"valueRequired\":true,\"valueName\":\"search_term_string\"}}],\"inLanguage\":\"fr-FR\"},{\"@type\":\"Organization\",\"@id\":\"https:\/\/maeshoney.com\/#organization\",\"name\":\"MAES HONEY\",\"url\":\"https:\/\/maeshoney.com\/\",\"logo\":{\"@type\":\"ImageObject\",\"inLanguage\":\"fr-FR\",\"@id\":\"https:\/\/maeshoney.com\/#\/schema\/logo\/image\/\",\"url\":\"https:\/\/maeshoney.com\/wp-content\/uploads\/2023\/11\/maes-honey-logo-es.png\",\"contentUrl\":\"https:\/\/maeshoney.com\/wp-content\/uploads\/2023\/11\/maes-honey-logo-es.png\",\"width\":157,\"height\":66,\"caption\":\"MAES HONEY\"},\"image\":{\"@id\":\"https:\/\/maeshoney.com\/#\/schema\/logo\/image\/\"}},{\"@type\":\"Person\",\"@id\":\"https:\/\/maeshoney.com\/#\/schema\/person\/5cf874002647ce98247633bceaf1641d\",\"name\":\"Maes Honey\",\"image\":{\"@type\":\"ImageObject\",\"inLanguage\":\"fr-FR\",\"@id\":\"https:\/\/maeshoney.com\/#\/schema\/person\/image\/\",\"url\":\"https:\/\/secure.gravatar.com\/avatar\/93b9711a2ec5c6e5eac330335a9276e015de93f7e8de8011ed0a8793f9d0226c?s=96&d=mm&r=g\",\"contentUrl\":\"https:\/\/secure.gravatar.com\/avatar\/93b9711a2ec5c6e5eac330335a9276e015de93f7e8de8011ed0a8793f9d0226c?s=96&d=mm&r=g\",\"caption\":\"Maes Honey\"}}]}<\/script>\n<!-- \/ Yoast SEO plugin. -->","yoast_head_json":{"title":"Journ\u00e9e Scolaire de Paix et de Non-Violence - MAES HONEY","robots":{"index":"index","follow":"follow","max-snippet":"max-snippet:-1","max-image-preview":"max-image-preview:large","max-video-preview":"max-video-preview:-1"},"canonical":"https:\/\/maeshoney.com\/dia-escolar-de-la-paz-y-la-no-violencia\/","og_locale":"fr_FR","og_type":"article","og_title":"Journ\u00e9e Scolaire de Paix et de Non-Violence - MAES HONEY","og_description":"Dans les \u00e9coles, le 30 janvier, la Journ\u00e9e scolaire de la paix et de la non-violence est c\u00e9l\u00e9br\u00e9e. Il pratique dans des \u00e9coles du monde entier depuis 36 ans. Il&hellip;","og_url":"https:\/\/maeshoney.com\/dia-escolar-de-la-paz-y-la-no-violencia\/","og_site_name":"MAES HONEY","article_published_time":"2020-11-17T09:58:07+00:00","article_modified_time":"2020-11-17T09:58:08+00:00","og_image":[{"width":808,"height":806,"url":"https:\/\/maeshoney.com\/wp-content\/uploads\/2020\/01\/dia-escolar-no-violencia.jpg","type":"image\/jpeg"}],"author":"Maes Honey","twitter_card":"summary_large_image","twitter_misc":{"\u00c9crit par":"Maes Honey","Dur\u00e9e de lecture estim\u00e9e":"1 minute"},"schema":{"@context":"https:\/\/schema.org","@graph":[{"@type":"Article","@id":"https:\/\/maeshoney.com\/dia-escolar-de-la-paz-y-la-no-violencia\/#article","isPartOf":{"@id":"https:\/\/maeshoney.com\/dia-escolar-de-la-paz-y-la-no-violencia\/"},"author":{"name":"Maes Honey","@id":"https:\/\/maeshoney.com\/#\/schema\/person\/5cf874002647ce98247633bceaf1641d"},"headline":"Journ\u00e9e Scolaire de Paix et de Non-Violence","datePublished":"2020-11-17T09:58:07+00:00","dateModified":"2020-11-17T09:58:08+00:00","mainEntityOfPage":{"@id":"https:\/\/maeshoney.com\/dia-escolar-de-la-paz-y-la-no-violencia\/"},"wordCount":196,"publisher":{"@id":"https:\/\/maeshoney.com\/#organization"},"image":{"@id":"https:\/\/maeshoney.com\/dia-escolar-de-la-paz-y-la-no-violencia\/#primaryimage"},"thumbnailUrl":"https:\/\/maeshoney.com\/wp-content\/uploads\/2020\/01\/dia-escolar-no-violencia.jpg","articleSection":["Non classifi\u00e9(e)"],"inLanguage":"fr-FR"},{"@type":"WebPage","@id":"https:\/\/maeshoney.com\/dia-escolar-de-la-paz-y-la-no-violencia\/","url":"https:\/\/maeshoney.com\/dia-escolar-de-la-paz-y-la-no-violencia\/","name":"Journ\u00e9e Scolaire de Paix et de Non-Violence - MAES HONEY","isPartOf":{"@id":"https:\/\/maeshoney.com\/#website"},"primaryImageOfPage":{"@id":"https:\/\/maeshoney.com\/dia-escolar-de-la-paz-y-la-no-violencia\/#primaryimage"},"image":{"@id":"https:\/\/maeshoney.com\/dia-escolar-de-la-paz-y-la-no-violencia\/#primaryimage"},"thumbnailUrl":"https:\/\/maeshoney.com\/wp-content\/uploads\/2020\/01\/dia-escolar-no-violencia.jpg","datePublished":"2020-11-17T09:58:07+00:00","dateModified":"2020-11-17T09:58:08+00:00","breadcrumb":{"@id":"https:\/\/maeshoney.com\/dia-escolar-de-la-paz-y-la-no-violencia\/#breadcrumb"},"inLanguage":"fr-FR","potentialAction":[{"@type":"ReadAction","target":["https:\/\/maeshoney.com\/dia-escolar-de-la-paz-y-la-no-violencia\/"]}]},{"@type":"ImageObject","inLanguage":"fr-FR","@id":"https:\/\/maeshoney.com\/dia-escolar-de-la-paz-y-la-no-violencia\/#primaryimage","url":"https:\/\/maeshoney.com\/wp-content\/uploads\/2020\/01\/dia-escolar-no-violencia.jpg","contentUrl":"https:\/\/maeshoney.com\/wp-content\/uploads\/2020\/01\/dia-escolar-no-violencia.jpg","width":808,"height":806,"caption":"d\u00eda escolar contra la no violencia"},{"@type":"BreadcrumbList","@id":"https:\/\/maeshoney.com\/dia-escolar-de-la-paz-y-la-no-violencia\/#breadcrumb","itemListElement":[{"@type":"ListItem","position":1,"name":"Portada","item":"https:\/\/maeshoney.com\/fr\/"},{"@type":"ListItem","position":2,"name":"Journ\u00e9e Scolaire de Paix et de Non-Violence"}]},{"@type":"WebSite","@id":"https:\/\/maeshoney.com\/#website","url":"https:\/\/maeshoney.com\/","name":"MAES HONEY","description":"En Maes Honey somos l\u00edderes en la exportaci\u00f3n de miel en Espa\u00f1a. Contamos con una gran capacidad de producci\u00f3n de miel anual.","publisher":{"@id":"https:\/\/maeshoney.com\/#organization"},"potentialAction":[{"@type":"SearchAction","target":{"@type":"EntryPoint","urlTemplate":"https:\/\/maeshoney.com\/?s={search_term_string}"},"query-input":{"@type":"PropertyValueSpecification","valueRequired":true,"valueName":"search_term_string"}}],"inLanguage":"fr-FR"},{"@type":"Organization","@id":"https:\/\/maeshoney.com\/#organization","name":"MAES HONEY","url":"https:\/\/maeshoney.com\/","logo":{"@type":"ImageObject","inLanguage":"fr-FR","@id":"https:\/\/maeshoney.com\/#\/schema\/logo\/image\/","url":"https:\/\/maeshoney.com\/wp-content\/uploads\/2023\/11\/maes-honey-logo-es.png","contentUrl":"https:\/\/maeshoney.com\/wp-content\/uploads\/2023\/11\/maes-honey-logo-es.png","width":157,"height":66,"caption":"MAES HONEY"},"image":{"@id":"https:\/\/maeshoney.com\/#\/schema\/logo\/image\/"}},{"@type":"Person","@id":"https:\/\/maeshoney.com\/#\/schema\/person\/5cf874002647ce98247633bceaf1641d","name":"Maes Honey","image":{"@type":"ImageObject","inLanguage":"fr-FR","@id":"https:\/\/maeshoney.com\/#\/schema\/person\/image\/","url":"https:\/\/secure.gravatar.com\/avatar\/93b9711a2ec5c6e5eac330335a9276e015de93f7e8de8011ed0a8793f9d0226c?s=96&d=mm&r=g","contentUrl":"https:\/\/secure.gravatar.com\/avatar\/93b9711a2ec5c6e5eac330335a9276e015de93f7e8de8011ed0a8793f9d0226c?s=96&d=mm&r=g","caption":"Maes Honey"}}]}},"_links":{"self":[{"href":"https:\/\/maeshoney.com\/fr\/wp-json\/wp\/v2\/posts\/11707","targetHints":{"allow":["GET"]}}],"collection":[{"href":"https:\/\/maeshoney.com\/fr\/wp-json\/wp\/v2\/posts"}],"about":[{"href":"https:\/\/maeshoney.com\/fr\/wp-json\/wp\/v2\/types\/post"}],"author":[{"embeddable":true,"href":"https:\/\/maeshoney.com\/fr\/wp-json\/wp\/v2\/users\/20"}],"replies":[{"embeddable":true,"href":"https:\/\/maeshoney.com\/fr\/wp-json\/wp\/v2\/comments?post=11707"}],"version-history":[{"count":0,"href":"https:\/\/maeshoney.com\/fr\/wp-json\/wp\/v2\/posts\/11707\/revisions"}],"wp:featuredmedia":[{"embeddable":true,"href":"https:\/\/maeshoney.com\/fr\/wp-json\/wp\/v2\/media\/11369"}],"wp:attachment":[{"href":"https:\/\/maeshoney.com\/fr\/wp-json\/wp\/v2\/media?parent=11707"}],"wp:term":[{"taxonomy":"category","embeddable":true,"href":"https:\/\/maeshoney.com\/fr\/wp-json\/wp\/v2\/categories?post=11707"},{"taxonomy":"post_tag","embeddable":true,"href":"https:\/\/maeshoney.com\/fr\/wp-json\/wp\/v2\/tags?post=11707"}],"curies":[{"name":"wp","href":"https:\/\/api.w.org\/{rel}","templated":true}]}}