{"id":11596,"date":"2020-11-17T07:48:19","date_gmt":"2020-11-17T07:48:19","guid":{"rendered":"https:\/\/maeshoney.com\/?p=11596"},"modified":"2020-11-17T07:48:19","modified_gmt":"2020-11-17T07:48:19","slug":"journee-mondiale-de-lenvironnement","status":"publish","type":"post","link":"https:\/\/maeshoney.com\/fr\/journee-mondiale-de-lenvironnement\/","title":{"rendered":"Journ\u00e9e mondiale de l\u2019environnement"},"content":{"rendered":"\n<h3 class=\"wp-block-heading\">Journ\u00e9e mondiale de l\u2019environnement. C\u2019est l\u2019heure de la nature.<\/h3>\n\n\n\n<p>Aujourd\u2019hui, le 5 juin, des millions de personnes \u00e0 travers le monde se r\u00e9uniront pour c\u00e9l\u00e9brer la date de la Journ\u00e9e mondiale de l\u2019environnement.<br>C\u2019est l\u2019un des th\u00e8mes les plus importants de notre pays et de la plan\u00e8te. Une occasion unique d\u2019en apprendre davantage sur les principales actions, r\u00e9alisations et d\u00e9fis en mati\u00e8re environnementale et donc de continuer \u00e0 travailler pour leur protection et leurs soins.<br>La Journ\u00e9e encourage les gens \u00e0 r\u00e9fl\u00e9chir \u00e0 la fa\u00e7on dont ils consomment. D\u2019abord pour les entreprises, pour d\u00e9velopper des mod\u00e8les plus \u00e9cologiques; deuxi\u00e8mement aux agriculteurs et aux fabricants, pour produire de fa\u00e7on plus durable; troisi\u00e8mes aux gouvernements, pour sauvegarder la nature sauvage; puis les \u00e9ducateurs, pour inspirer les \u00e9l\u00e8ves \u00e0 vivre en harmonie avec la Terre; et enfin aux jeunes, pour devenir des gardiens audacieux d\u2019un avenir vert.<br><strong>De Maes<\/strong>, nous vous invitons tous \u00e0 participer \u00e0 cette c\u00e9l\u00e9bration dans laquelle nous exaltons la biodiversit\u00e9 qui nous rend uniques au monde et dans laquelle nous pouvons montrer que nous faisons bien la t\u00e2che dans la conservation et le soin de notre environnement.<br>Nous essayons d\u2019\u00eatre responsables de notre comportement productif de miel pour le bien de tous. Nous connaissons \u00e9galement l\u2019importance de nos bien-aim\u00e9s dans leur r\u00f4le de biodiversit\u00e9.<br>La Journ\u00e9e mondiale de l\u2019environnement est avant tout <strong>une plate-forme mondiale pour inspirer des changements positifs<\/strong>, et est bas\u00e9e sur le pr\u00e9cepte que le changement mondial n\u00e9cessite une communaut\u00e9 mondiale.<br>Cela exige tous de nous.<br><a href=\"https:\/\/es-es.facebook.com\/MaesHoney\/\">\/es-es.facebook.com\/MaesHoney\/<\/a><\/p>\n","protected":false},"excerpt":{"rendered":"<p>Journ\u00e9e mondiale de l\u2019environnement. C\u2019est l\u2019heure de la nature. Aujourd\u2019hui, le 5 juin, des millions de personnes \u00e0 travers le monde se r\u00e9uniront pour c\u00e9l\u00e9brer la date de la Journ\u00e9e&hellip;<\/p>\n","protected":false},"author":20,"featured_media":11433,"comment_status":"closed","ping_status":"closed","sticky":false,"template":"","format":"standard","meta":{"_acf_changed":false,"footnotes":""},"categories":[97],"tags":[],"class_list":["post-11596","post","type-post","status-publish","format-standard","has-post-thumbnail","hentry","category-non-classifiee"],"acf":[],"yoast_head":"<!-- This site is optimized with the Yoast SEO plugin v27.1.1 - https:\/\/yoast.com\/product\/yoast-seo-wordpress\/ -->\n<title>Journ\u00e9e mondiale de l\u2019environnement - MAES HONEY<\/title>\n<meta name=\"robots\" content=\"index, follow, max-snippet:-1, max-image-preview:large, max-video-preview:-1\" \/>\n<link rel=\"canonical\" href=\"https:\/\/maeshoney.com\/dia-mundial-del-medio-ambiente\/\" \/>\n<meta property=\"og:locale\" content=\"fr_FR\" \/>\n<meta property=\"og:type\" content=\"article\" \/>\n<meta property=\"og:title\" content=\"Journ\u00e9e mondiale de l\u2019environnement - MAES HONEY\" \/>\n<meta property=\"og:description\" content=\"Journ\u00e9e mondiale de l\u2019environnement. C\u2019est l\u2019heure de la nature. Aujourd\u2019hui, le 5 juin, des millions de personnes \u00e0 travers le monde se r\u00e9uniront pour c\u00e9l\u00e9brer la date de la Journ\u00e9e&hellip;\" \/>\n<meta property=\"og:url\" content=\"https:\/\/maeshoney.com\/dia-mundial-del-medio-ambiente\/\" \/>\n<meta property=\"og:site_name\" content=\"MAES HONEY\" \/>\n<meta property=\"article:published_time\" content=\"2020-11-17T07:48:19+00:00\" \/>\n<meta property=\"og:image\" content=\"https:\/\/maeshoney.com\/wp-content\/uploads\/2020\/06\/dia-medio-ambiente.jpg\" \/>\n\t<meta property=\"og:image:width\" content=\"1000\" \/>\n\t<meta property=\"og:image:height\" content=\"654\" \/>\n\t<meta property=\"og:image:type\" content=\"image\/jpeg\" \/>\n<meta name=\"author\" content=\"Maes Honey\" \/>\n<meta name=\"twitter:card\" content=\"summary_large_image\" \/>\n<meta name=\"twitter:label1\" content=\"\u00c9crit par\" \/>\n\t<meta name=\"twitter:data1\" content=\"Maes Honey\" \/>\n\t<meta name=\"twitter:label2\" content=\"Dur\u00e9e de lecture estim\u00e9e\" \/>\n\t<meta name=\"twitter:data2\" content=\"1 minute\" \/>\n<script type=\"application\/ld+json\" class=\"yoast-schema-graph\">{\"@context\":\"https:\/\/schema.org\",\"@graph\":[{\"@type\":\"Article\",\"@id\":\"https:\/\/maeshoney.com\/dia-mundial-del-medio-ambiente\/#article\",\"isPartOf\":{\"@id\":\"https:\/\/maeshoney.com\/dia-mundial-del-medio-ambiente\/\"},\"author\":{\"name\":\"Maes Honey\",\"@id\":\"https:\/\/maeshoney.com\/#\/schema\/person\/5cf874002647ce98247633bceaf1641d\"},\"headline\":\"Journ\u00e9e mondiale de l\u2019environnement\",\"datePublished\":\"2020-11-17T07:48:19+00:00\",\"mainEntityOfPage\":{\"@id\":\"https:\/\/maeshoney.com\/dia-mundial-del-medio-ambiente\/\"},\"wordCount\":294,\"publisher\":{\"@id\":\"https:\/\/maeshoney.com\/#organization\"},\"image\":{\"@id\":\"https:\/\/maeshoney.com\/dia-mundial-del-medio-ambiente\/#primaryimage\"},\"thumbnailUrl\":\"https:\/\/maeshoney.com\/wp-content\/uploads\/2020\/06\/dia-medio-ambiente.jpg\",\"articleSection\":[\"Non classifi\u00e9(e)\"],\"inLanguage\":\"fr-FR\"},{\"@type\":\"WebPage\",\"@id\":\"https:\/\/maeshoney.com\/dia-mundial-del-medio-ambiente\/\",\"url\":\"https:\/\/maeshoney.com\/dia-mundial-del-medio-ambiente\/\",\"name\":\"Journ\u00e9e mondiale de l\u2019environnement - MAES HONEY\",\"isPartOf\":{\"@id\":\"https:\/\/maeshoney.com\/#website\"},\"primaryImageOfPage\":{\"@id\":\"https:\/\/maeshoney.com\/dia-mundial-del-medio-ambiente\/#primaryimage\"},\"image\":{\"@id\":\"https:\/\/maeshoney.com\/dia-mundial-del-medio-ambiente\/#primaryimage\"},\"thumbnailUrl\":\"https:\/\/maeshoney.com\/wp-content\/uploads\/2020\/06\/dia-medio-ambiente.jpg\",\"datePublished\":\"2020-11-17T07:48:19+00:00\",\"breadcrumb\":{\"@id\":\"https:\/\/maeshoney.com\/dia-mundial-del-medio-ambiente\/#breadcrumb\"},\"inLanguage\":\"fr-FR\",\"potentialAction\":[{\"@type\":\"ReadAction\",\"target\":[\"https:\/\/maeshoney.com\/dia-mundial-del-medio-ambiente\/\"]}]},{\"@type\":\"ImageObject\",\"inLanguage\":\"fr-FR\",\"@id\":\"https:\/\/maeshoney.com\/dia-mundial-del-medio-ambiente\/#primaryimage\",\"url\":\"https:\/\/maeshoney.com\/wp-content\/uploads\/2020\/06\/dia-medio-ambiente.jpg\",\"contentUrl\":\"https:\/\/maeshoney.com\/wp-content\/uploads\/2020\/06\/dia-medio-ambiente.jpg\",\"width\":1000,\"height\":654,\"caption\":\"d\u00eda del medioambiente\"},{\"@type\":\"BreadcrumbList\",\"@id\":\"https:\/\/maeshoney.com\/dia-mundial-del-medio-ambiente\/#breadcrumb\",\"itemListElement\":[{\"@type\":\"ListItem\",\"position\":1,\"name\":\"Portada\",\"item\":\"https:\/\/maeshoney.com\/fr\/\"},{\"@type\":\"ListItem\",\"position\":2,\"name\":\"Journ\u00e9e mondiale de l\u2019environnement\"}]},{\"@type\":\"WebSite\",\"@id\":\"https:\/\/maeshoney.com\/#website\",\"url\":\"https:\/\/maeshoney.com\/\",\"name\":\"MAES HONEY\",\"description\":\"En Maes Honey somos l\u00edderes en la exportaci\u00f3n de miel en Espa\u00f1a. Contamos con una gran capacidad de producci\u00f3n de miel anual.\",\"publisher\":{\"@id\":\"https:\/\/maeshoney.com\/#organization\"},\"potentialAction\":[{\"@type\":\"SearchAction\",\"target\":{\"@type\":\"EntryPoint\",\"urlTemplate\":\"https:\/\/maeshoney.com\/?s={search_term_string}\"},\"query-input\":{\"@type\":\"PropertyValueSpecification\",\"valueRequired\":true,\"valueName\":\"search_term_string\"}}],\"inLanguage\":\"fr-FR\"},{\"@type\":\"Organization\",\"@id\":\"https:\/\/maeshoney.com\/#organization\",\"name\":\"MAES HONEY\",\"url\":\"https:\/\/maeshoney.com\/\",\"logo\":{\"@type\":\"ImageObject\",\"inLanguage\":\"fr-FR\",\"@id\":\"https:\/\/maeshoney.com\/#\/schema\/logo\/image\/\",\"url\":\"https:\/\/maeshoney.com\/wp-content\/uploads\/2023\/11\/maes-honey-logo-es.png\",\"contentUrl\":\"https:\/\/maeshoney.com\/wp-content\/uploads\/2023\/11\/maes-honey-logo-es.png\",\"width\":157,\"height\":66,\"caption\":\"MAES HONEY\"},\"image\":{\"@id\":\"https:\/\/maeshoney.com\/#\/schema\/logo\/image\/\"}},{\"@type\":\"Person\",\"@id\":\"https:\/\/maeshoney.com\/#\/schema\/person\/5cf874002647ce98247633bceaf1641d\",\"name\":\"Maes Honey\",\"image\":{\"@type\":\"ImageObject\",\"inLanguage\":\"fr-FR\",\"@id\":\"https:\/\/maeshoney.com\/#\/schema\/person\/image\/\",\"url\":\"https:\/\/secure.gravatar.com\/avatar\/93b9711a2ec5c6e5eac330335a9276e015de93f7e8de8011ed0a8793f9d0226c?s=96&d=mm&r=g\",\"contentUrl\":\"https:\/\/secure.gravatar.com\/avatar\/93b9711a2ec5c6e5eac330335a9276e015de93f7e8de8011ed0a8793f9d0226c?s=96&d=mm&r=g\",\"caption\":\"Maes Honey\"}}]}<\/script>\n<!-- \/ Yoast SEO plugin. -->","yoast_head_json":{"title":"Journ\u00e9e mondiale de l\u2019environnement - MAES HONEY","robots":{"index":"index","follow":"follow","max-snippet":"max-snippet:-1","max-image-preview":"max-image-preview:large","max-video-preview":"max-video-preview:-1"},"canonical":"https:\/\/maeshoney.com\/dia-mundial-del-medio-ambiente\/","og_locale":"fr_FR","og_type":"article","og_title":"Journ\u00e9e mondiale de l\u2019environnement - MAES HONEY","og_description":"Journ\u00e9e mondiale de l\u2019environnement. C\u2019est l\u2019heure de la nature. Aujourd\u2019hui, le 5 juin, des millions de personnes \u00e0 travers le monde se r\u00e9uniront pour c\u00e9l\u00e9brer la date de la Journ\u00e9e&hellip;","og_url":"https:\/\/maeshoney.com\/dia-mundial-del-medio-ambiente\/","og_site_name":"MAES HONEY","article_published_time":"2020-11-17T07:48:19+00:00","og_image":[{"width":1000,"height":654,"url":"https:\/\/maeshoney.com\/wp-content\/uploads\/2020\/06\/dia-medio-ambiente.jpg","type":"image\/jpeg"}],"author":"Maes Honey","twitter_card":"summary_large_image","twitter_misc":{"\u00c9crit par":"Maes Honey","Dur\u00e9e de lecture estim\u00e9e":"1 minute"},"schema":{"@context":"https:\/\/schema.org","@graph":[{"@type":"Article","@id":"https:\/\/maeshoney.com\/dia-mundial-del-medio-ambiente\/#article","isPartOf":{"@id":"https:\/\/maeshoney.com\/dia-mundial-del-medio-ambiente\/"},"author":{"name":"Maes Honey","@id":"https:\/\/maeshoney.com\/#\/schema\/person\/5cf874002647ce98247633bceaf1641d"},"headline":"Journ\u00e9e mondiale de l\u2019environnement","datePublished":"2020-11-17T07:48:19+00:00","mainEntityOfPage":{"@id":"https:\/\/maeshoney.com\/dia-mundial-del-medio-ambiente\/"},"wordCount":294,"publisher":{"@id":"https:\/\/maeshoney.com\/#organization"},"image":{"@id":"https:\/\/maeshoney.com\/dia-mundial-del-medio-ambiente\/#primaryimage"},"thumbnailUrl":"https:\/\/maeshoney.com\/wp-content\/uploads\/2020\/06\/dia-medio-ambiente.jpg","articleSection":["Non classifi\u00e9(e)"],"inLanguage":"fr-FR"},{"@type":"WebPage","@id":"https:\/\/maeshoney.com\/dia-mundial-del-medio-ambiente\/","url":"https:\/\/maeshoney.com\/dia-mundial-del-medio-ambiente\/","name":"Journ\u00e9e mondiale de l\u2019environnement - MAES HONEY","isPartOf":{"@id":"https:\/\/maeshoney.com\/#website"},"primaryImageOfPage":{"@id":"https:\/\/maeshoney.com\/dia-mundial-del-medio-ambiente\/#primaryimage"},"image":{"@id":"https:\/\/maeshoney.com\/dia-mundial-del-medio-ambiente\/#primaryimage"},"thumbnailUrl":"https:\/\/maeshoney.com\/wp-content\/uploads\/2020\/06\/dia-medio-ambiente.jpg","datePublished":"2020-11-17T07:48:19+00:00","breadcrumb":{"@id":"https:\/\/maeshoney.com\/dia-mundial-del-medio-ambiente\/#breadcrumb"},"inLanguage":"fr-FR","potentialAction":[{"@type":"ReadAction","target":["https:\/\/maeshoney.com\/dia-mundial-del-medio-ambiente\/"]}]},{"@type":"ImageObject","inLanguage":"fr-FR","@id":"https:\/\/maeshoney.com\/dia-mundial-del-medio-ambiente\/#primaryimage","url":"https:\/\/maeshoney.com\/wp-content\/uploads\/2020\/06\/dia-medio-ambiente.jpg","contentUrl":"https:\/\/maeshoney.com\/wp-content\/uploads\/2020\/06\/dia-medio-ambiente.jpg","width":1000,"height":654,"caption":"d\u00eda del medioambiente"},{"@type":"BreadcrumbList","@id":"https:\/\/maeshoney.com\/dia-mundial-del-medio-ambiente\/#breadcrumb","itemListElement":[{"@type":"ListItem","position":1,"name":"Portada","item":"https:\/\/maeshoney.com\/fr\/"},{"@type":"ListItem","position":2,"name":"Journ\u00e9e mondiale de l\u2019environnement"}]},{"@type":"WebSite","@id":"https:\/\/maeshoney.com\/#website","url":"https:\/\/maeshoney.com\/","name":"MAES HONEY","description":"En Maes Honey somos l\u00edderes en la exportaci\u00f3n de miel en Espa\u00f1a. Contamos con una gran capacidad de producci\u00f3n de miel anual.","publisher":{"@id":"https:\/\/maeshoney.com\/#organization"},"potentialAction":[{"@type":"SearchAction","target":{"@type":"EntryPoint","urlTemplate":"https:\/\/maeshoney.com\/?s={search_term_string}"},"query-input":{"@type":"PropertyValueSpecification","valueRequired":true,"valueName":"search_term_string"}}],"inLanguage":"fr-FR"},{"@type":"Organization","@id":"https:\/\/maeshoney.com\/#organization","name":"MAES HONEY","url":"https:\/\/maeshoney.com\/","logo":{"@type":"ImageObject","inLanguage":"fr-FR","@id":"https:\/\/maeshoney.com\/#\/schema\/logo\/image\/","url":"https:\/\/maeshoney.com\/wp-content\/uploads\/2023\/11\/maes-honey-logo-es.png","contentUrl":"https:\/\/maeshoney.com\/wp-content\/uploads\/2023\/11\/maes-honey-logo-es.png","width":157,"height":66,"caption":"MAES HONEY"},"image":{"@id":"https:\/\/maeshoney.com\/#\/schema\/logo\/image\/"}},{"@type":"Person","@id":"https:\/\/maeshoney.com\/#\/schema\/person\/5cf874002647ce98247633bceaf1641d","name":"Maes Honey","image":{"@type":"ImageObject","inLanguage":"fr-FR","@id":"https:\/\/maeshoney.com\/#\/schema\/person\/image\/","url":"https:\/\/secure.gravatar.com\/avatar\/93b9711a2ec5c6e5eac330335a9276e015de93f7e8de8011ed0a8793f9d0226c?s=96&d=mm&r=g","contentUrl":"https:\/\/secure.gravatar.com\/avatar\/93b9711a2ec5c6e5eac330335a9276e015de93f7e8de8011ed0a8793f9d0226c?s=96&d=mm&r=g","caption":"Maes Honey"}}]}},"_links":{"self":[{"href":"https:\/\/maeshoney.com\/fr\/wp-json\/wp\/v2\/posts\/11596","targetHints":{"allow":["GET"]}}],"collection":[{"href":"https:\/\/maeshoney.com\/fr\/wp-json\/wp\/v2\/posts"}],"about":[{"href":"https:\/\/maeshoney.com\/fr\/wp-json\/wp\/v2\/types\/post"}],"author":[{"embeddable":true,"href":"https:\/\/maeshoney.com\/fr\/wp-json\/wp\/v2\/users\/20"}],"replies":[{"embeddable":true,"href":"https:\/\/maeshoney.com\/fr\/wp-json\/wp\/v2\/comments?post=11596"}],"version-history":[{"count":0,"href":"https:\/\/maeshoney.com\/fr\/wp-json\/wp\/v2\/posts\/11596\/revisions"}],"wp:featuredmedia":[{"embeddable":true,"href":"https:\/\/maeshoney.com\/fr\/wp-json\/wp\/v2\/media\/11433"}],"wp:attachment":[{"href":"https:\/\/maeshoney.com\/fr\/wp-json\/wp\/v2\/media?parent=11596"}],"wp:term":[{"taxonomy":"category","embeddable":true,"href":"https:\/\/maeshoney.com\/fr\/wp-json\/wp\/v2\/categories?post=11596"},{"taxonomy":"post_tag","embeddable":true,"href":"https:\/\/maeshoney.com\/fr\/wp-json\/wp\/v2\/tags?post=11596"}],"curies":[{"name":"wp","href":"https:\/\/api.w.org\/{rel}","templated":true}]}}