{"id":11588,"date":"2020-11-17T07:39:12","date_gmt":"2020-11-17T07:39:12","guid":{"rendered":"https:\/\/maeshoney.com\/?p=11588"},"modified":"2020-11-17T07:39:12","modified_gmt":"2020-11-17T07:39:12","slug":"et-lete-est-la-dans-ce-special-2020","status":"publish","type":"post","link":"https:\/\/maeshoney.com\/fr\/et-lete-est-la-dans-ce-special-2020\/","title":{"rendered":"Et l\u2019\u00e9t\u00e9 est l\u00e0! dans ce &quot;sp\u00e9cial&quot; 2020"},"content":{"rendered":"\n<h3 class=\"wp-block-heading\">Cet \u00e9t\u00e9 2020 est rempli d\u2019inconnues et d\u2019incertitudes.<\/h3>\n\n\n\n<p>Et l\u2019\u00e9t\u00e9 est l\u00e0, dans ce \u00ab\u00a0sp\u00e9cial\u00a0\u00bb 2020. Le Covide-19 nous a chang\u00e9s, mais le plus important est que, dans la mesure du possible, la vie normale peut \u00eatre faite en Juillet et Ao\u00fbt.<br>Beaucoup d\u2019entre nous ont h\u00e2te de prendre enfin les <strong>vacances tant attendues<\/strong>. Bien s\u00fbr, cette ann\u00e9e, ils semblent \u00eatre un peu diff\u00e9rent. Les plans peuvent \u00eatre vari\u00e9s, il faut donc de <strong>l\u2019organisation, de la prudence et le d\u00e9sir<\/strong> de faire de l\u2019\u00e9t\u00e9 l\u2019un des moments les plus amusants et les plus diff\u00e9rents de l\u2019ann\u00e9e. La cl\u00e9, \u00e9couter les recommandations et les conseils et profiter de la famille, les amis et vous-m\u00eame.<br>Chez Maes, nous continuons \u00e0 travailler pour vous de continuer \u00e0 profiter de cet \u00e9t\u00e9 2020.<br>Du printemps <strong>au milieu de l\u2019\u00e9t\u00e9, les abeilles<\/strong> tirent le meilleur parti des fleurs de miel pour stocker leur miel.<br>Les temp\u00e9ratures \u00e9lev\u00e9es pendant l\u2019\u00e9t\u00e9 sont un facteur de stress majeur dans les ruches d\u2019abeilles. Ceux-ci ont besoin d\u2019eau pour refroidir la ruche, comme la temp\u00e9rature \u00e0 l\u2019int\u00e9rieur doit rester autour de 35o, de sorte que les nids d\u2019abeilles de cire ne se d\u00e9t\u00e9riorent pas. La structure des nids d\u2019abeilles elle-m\u00eame est compromise \u00e0 mesure que la cire s\u2019adoucit et met \u00e9galement la vie des jeunes en danger. Ceux-ci sont vus dans la n\u00e9cessit\u00e9 de se battre pour prot\u00e9ger leur nid, ce qui les oblige en plus d\u2019un sur-effort commun, \u00e0 n\u00e9gliger d\u2019autres activit\u00e9s.<br>Nous devons aider et prendre soin de nos petits amis parce qu\u2019ils sont essentiels dans le cycle de la vie. Comme les \u00eatres humains, leur communion et leur effort commun sont essentiels \u00e0 la vie et au bien-\u00eatre commun.<br>Et l\u2019\u00e9t\u00e9 est l\u00e0, dans ce \u00ab\u00a0sp\u00e9cial\u00a0\u00bb 2020. Essayons de les appr\u00e9cier de la meilleure fa\u00e7on possible. <strong>Prudence et responsabilit\u00e9<\/strong>.<br><a href=\"https:\/\/es-es.facebook.com\/MaesHoney\/\">\/es-es.facebook.com\/MaesHoney\/<\/a><\/p>\n","protected":false},"excerpt":{"rendered":"<p>Cet \u00e9t\u00e9 2020 est rempli d\u2019inconnues et d\u2019incertitudes. Et l\u2019\u00e9t\u00e9 est l\u00e0, dans ce \u00ab\u00a0sp\u00e9cial\u00a0\u00bb 2020. Le Covide-19 nous a chang\u00e9s, mais le plus important est que, dans la mesure&hellip;<\/p>\n","protected":false},"author":20,"featured_media":11439,"comment_status":"closed","ping_status":"closed","sticky":false,"template":"","format":"standard","meta":{"_acf_changed":false,"footnotes":""},"categories":[97],"tags":[],"class_list":["post-11588","post","type-post","status-publish","format-standard","has-post-thumbnail","hentry","category-non-classifiee"],"acf":[],"yoast_head":"<!-- This site is optimized with the Yoast SEO plugin v27.1.1 - https:\/\/yoast.com\/product\/yoast-seo-wordpress\/ -->\n<title>Et l\u2019\u00e9t\u00e9 est l\u00e0! dans ce &quot;sp\u00e9cial&quot; 2020 - MAES HONEY<\/title>\n<meta name=\"robots\" content=\"index, follow, max-snippet:-1, max-image-preview:large, max-video-preview:-1\" \/>\n<link rel=\"canonical\" href=\"https:\/\/maeshoney.com\/y-llego-el-verano-en-este-especial-2020\/\" \/>\n<meta property=\"og:locale\" content=\"fr_FR\" \/>\n<meta property=\"og:type\" content=\"article\" \/>\n<meta property=\"og:title\" content=\"Et l\u2019\u00e9t\u00e9 est l\u00e0! dans ce &quot;sp\u00e9cial&quot; 2020 - MAES HONEY\" \/>\n<meta property=\"og:description\" content=\"Cet \u00e9t\u00e9 2020 est rempli d\u2019inconnues et d\u2019incertitudes. Et l\u2019\u00e9t\u00e9 est l\u00e0, dans ce \u00ab\u00a0sp\u00e9cial\u00a0\u00bb 2020. Le Covide-19 nous a chang\u00e9s, mais le plus important est que, dans la mesure&hellip;\" \/>\n<meta property=\"og:url\" content=\"https:\/\/maeshoney.com\/y-llego-el-verano-en-este-especial-2020\/\" \/>\n<meta property=\"og:site_name\" content=\"MAES HONEY\" \/>\n<meta property=\"article:published_time\" content=\"2020-11-17T07:39:12+00:00\" \/>\n<meta property=\"og:image\" content=\"https:\/\/maeshoney.com\/wp-content\/uploads\/2020\/06\/inicio-verano2-1.jpg\" \/>\n\t<meta property=\"og:image:width\" content=\"1023\" \/>\n\t<meta property=\"og:image:height\" content=\"686\" \/>\n\t<meta property=\"og:image:type\" content=\"image\/jpeg\" \/>\n<meta name=\"author\" content=\"Maes Honey\" \/>\n<meta name=\"twitter:card\" content=\"summary_large_image\" \/>\n<meta name=\"twitter:label1\" content=\"\u00c9crit par\" \/>\n\t<meta name=\"twitter:data1\" content=\"Maes Honey\" \/>\n\t<meta name=\"twitter:label2\" content=\"Dur\u00e9e de lecture estim\u00e9e\" \/>\n\t<meta name=\"twitter:data2\" content=\"2 minutes\" \/>\n<script type=\"application\/ld+json\" class=\"yoast-schema-graph\">{\"@context\":\"https:\/\/schema.org\",\"@graph\":[{\"@type\":\"Article\",\"@id\":\"https:\/\/maeshoney.com\/y-llego-el-verano-en-este-especial-2020\/#article\",\"isPartOf\":{\"@id\":\"https:\/\/maeshoney.com\/y-llego-el-verano-en-este-especial-2020\/\"},\"author\":{\"name\":\"Maes Honey\",\"@id\":\"https:\/\/maeshoney.com\/#\/schema\/person\/5cf874002647ce98247633bceaf1641d\"},\"headline\":\"Et l\u2019\u00e9t\u00e9 est l\u00e0! dans ce &quot;sp\u00e9cial&quot; 2020\",\"datePublished\":\"2020-11-17T07:39:12+00:00\",\"mainEntityOfPage\":{\"@id\":\"https:\/\/maeshoney.com\/y-llego-el-verano-en-este-especial-2020\/\"},\"wordCount\":354,\"publisher\":{\"@id\":\"https:\/\/maeshoney.com\/#organization\"},\"image\":{\"@id\":\"https:\/\/maeshoney.com\/y-llego-el-verano-en-este-especial-2020\/#primaryimage\"},\"thumbnailUrl\":\"https:\/\/maeshoney.com\/wp-content\/uploads\/2020\/06\/inicio-verano2-1.jpg\",\"articleSection\":[\"Non classifi\u00e9(e)\"],\"inLanguage\":\"fr-FR\"},{\"@type\":\"WebPage\",\"@id\":\"https:\/\/maeshoney.com\/y-llego-el-verano-en-este-especial-2020\/\",\"url\":\"https:\/\/maeshoney.com\/y-llego-el-verano-en-este-especial-2020\/\",\"name\":\"Et l\u2019\u00e9t\u00e9 est l\u00e0! dans ce &quot;sp\u00e9cial&quot; 2020 - MAES HONEY\",\"isPartOf\":{\"@id\":\"https:\/\/maeshoney.com\/#website\"},\"primaryImageOfPage\":{\"@id\":\"https:\/\/maeshoney.com\/y-llego-el-verano-en-este-especial-2020\/#primaryimage\"},\"image\":{\"@id\":\"https:\/\/maeshoney.com\/y-llego-el-verano-en-este-especial-2020\/#primaryimage\"},\"thumbnailUrl\":\"https:\/\/maeshoney.com\/wp-content\/uploads\/2020\/06\/inicio-verano2-1.jpg\",\"datePublished\":\"2020-11-17T07:39:12+00:00\",\"breadcrumb\":{\"@id\":\"https:\/\/maeshoney.com\/y-llego-el-verano-en-este-especial-2020\/#breadcrumb\"},\"inLanguage\":\"fr-FR\",\"potentialAction\":[{\"@type\":\"ReadAction\",\"target\":[\"https:\/\/maeshoney.com\/y-llego-el-verano-en-este-especial-2020\/\"]}]},{\"@type\":\"ImageObject\",\"inLanguage\":\"fr-FR\",\"@id\":\"https:\/\/maeshoney.com\/y-llego-el-verano-en-este-especial-2020\/#primaryimage\",\"url\":\"https:\/\/maeshoney.com\/wp-content\/uploads\/2020\/06\/inicio-verano2-1.jpg\",\"contentUrl\":\"https:\/\/maeshoney.com\/wp-content\/uploads\/2020\/06\/inicio-verano2-1.jpg\",\"width\":1023,\"height\":686,\"caption\":\"And summer is here!\"},{\"@type\":\"BreadcrumbList\",\"@id\":\"https:\/\/maeshoney.com\/y-llego-el-verano-en-este-especial-2020\/#breadcrumb\",\"itemListElement\":[{\"@type\":\"ListItem\",\"position\":1,\"name\":\"Portada\",\"item\":\"https:\/\/maeshoney.com\/fr\/\"},{\"@type\":\"ListItem\",\"position\":2,\"name\":\"Et l\u2019\u00e9t\u00e9 est l\u00e0! dans ce &quot;sp\u00e9cial&quot; 2020\"}]},{\"@type\":\"WebSite\",\"@id\":\"https:\/\/maeshoney.com\/#website\",\"url\":\"https:\/\/maeshoney.com\/\",\"name\":\"MAES HONEY\",\"description\":\"En Maes Honey somos l\u00edderes en la exportaci\u00f3n de miel en Espa\u00f1a. Contamos con una gran capacidad de producci\u00f3n de miel anual.\",\"publisher\":{\"@id\":\"https:\/\/maeshoney.com\/#organization\"},\"potentialAction\":[{\"@type\":\"SearchAction\",\"target\":{\"@type\":\"EntryPoint\",\"urlTemplate\":\"https:\/\/maeshoney.com\/?s={search_term_string}\"},\"query-input\":{\"@type\":\"PropertyValueSpecification\",\"valueRequired\":true,\"valueName\":\"search_term_string\"}}],\"inLanguage\":\"fr-FR\"},{\"@type\":\"Organization\",\"@id\":\"https:\/\/maeshoney.com\/#organization\",\"name\":\"MAES HONEY\",\"url\":\"https:\/\/maeshoney.com\/\",\"logo\":{\"@type\":\"ImageObject\",\"inLanguage\":\"fr-FR\",\"@id\":\"https:\/\/maeshoney.com\/#\/schema\/logo\/image\/\",\"url\":\"https:\/\/maeshoney.com\/wp-content\/uploads\/2023\/11\/maes-honey-logo-es.png\",\"contentUrl\":\"https:\/\/maeshoney.com\/wp-content\/uploads\/2023\/11\/maes-honey-logo-es.png\",\"width\":157,\"height\":66,\"caption\":\"MAES HONEY\"},\"image\":{\"@id\":\"https:\/\/maeshoney.com\/#\/schema\/logo\/image\/\"}},{\"@type\":\"Person\",\"@id\":\"https:\/\/maeshoney.com\/#\/schema\/person\/5cf874002647ce98247633bceaf1641d\",\"name\":\"Maes Honey\",\"image\":{\"@type\":\"ImageObject\",\"inLanguage\":\"fr-FR\",\"@id\":\"https:\/\/maeshoney.com\/#\/schema\/person\/image\/\",\"url\":\"https:\/\/secure.gravatar.com\/avatar\/93b9711a2ec5c6e5eac330335a9276e015de93f7e8de8011ed0a8793f9d0226c?s=96&d=mm&r=g\",\"contentUrl\":\"https:\/\/secure.gravatar.com\/avatar\/93b9711a2ec5c6e5eac330335a9276e015de93f7e8de8011ed0a8793f9d0226c?s=96&d=mm&r=g\",\"caption\":\"Maes Honey\"}}]}<\/script>\n<!-- \/ Yoast SEO plugin. -->","yoast_head_json":{"title":"Et l\u2019\u00e9t\u00e9 est l\u00e0! dans ce &quot;sp\u00e9cial&quot; 2020 - MAES HONEY","robots":{"index":"index","follow":"follow","max-snippet":"max-snippet:-1","max-image-preview":"max-image-preview:large","max-video-preview":"max-video-preview:-1"},"canonical":"https:\/\/maeshoney.com\/y-llego-el-verano-en-este-especial-2020\/","og_locale":"fr_FR","og_type":"article","og_title":"Et l\u2019\u00e9t\u00e9 est l\u00e0! dans ce &quot;sp\u00e9cial&quot; 2020 - MAES HONEY","og_description":"Cet \u00e9t\u00e9 2020 est rempli d\u2019inconnues et d\u2019incertitudes. Et l\u2019\u00e9t\u00e9 est l\u00e0, dans ce \u00ab\u00a0sp\u00e9cial\u00a0\u00bb 2020. Le Covide-19 nous a chang\u00e9s, mais le plus important est que, dans la mesure&hellip;","og_url":"https:\/\/maeshoney.com\/y-llego-el-verano-en-este-especial-2020\/","og_site_name":"MAES HONEY","article_published_time":"2020-11-17T07:39:12+00:00","og_image":[{"width":1023,"height":686,"url":"https:\/\/maeshoney.com\/wp-content\/uploads\/2020\/06\/inicio-verano2-1.jpg","type":"image\/jpeg"}],"author":"Maes Honey","twitter_card":"summary_large_image","twitter_misc":{"\u00c9crit par":"Maes Honey","Dur\u00e9e de lecture estim\u00e9e":"2 minutes"},"schema":{"@context":"https:\/\/schema.org","@graph":[{"@type":"Article","@id":"https:\/\/maeshoney.com\/y-llego-el-verano-en-este-especial-2020\/#article","isPartOf":{"@id":"https:\/\/maeshoney.com\/y-llego-el-verano-en-este-especial-2020\/"},"author":{"name":"Maes Honey","@id":"https:\/\/maeshoney.com\/#\/schema\/person\/5cf874002647ce98247633bceaf1641d"},"headline":"Et l\u2019\u00e9t\u00e9 est l\u00e0! dans ce &quot;sp\u00e9cial&quot; 2020","datePublished":"2020-11-17T07:39:12+00:00","mainEntityOfPage":{"@id":"https:\/\/maeshoney.com\/y-llego-el-verano-en-este-especial-2020\/"},"wordCount":354,"publisher":{"@id":"https:\/\/maeshoney.com\/#organization"},"image":{"@id":"https:\/\/maeshoney.com\/y-llego-el-verano-en-este-especial-2020\/#primaryimage"},"thumbnailUrl":"https:\/\/maeshoney.com\/wp-content\/uploads\/2020\/06\/inicio-verano2-1.jpg","articleSection":["Non classifi\u00e9(e)"],"inLanguage":"fr-FR"},{"@type":"WebPage","@id":"https:\/\/maeshoney.com\/y-llego-el-verano-en-este-especial-2020\/","url":"https:\/\/maeshoney.com\/y-llego-el-verano-en-este-especial-2020\/","name":"Et l\u2019\u00e9t\u00e9 est l\u00e0! dans ce &quot;sp\u00e9cial&quot; 2020 - MAES HONEY","isPartOf":{"@id":"https:\/\/maeshoney.com\/#website"},"primaryImageOfPage":{"@id":"https:\/\/maeshoney.com\/y-llego-el-verano-en-este-especial-2020\/#primaryimage"},"image":{"@id":"https:\/\/maeshoney.com\/y-llego-el-verano-en-este-especial-2020\/#primaryimage"},"thumbnailUrl":"https:\/\/maeshoney.com\/wp-content\/uploads\/2020\/06\/inicio-verano2-1.jpg","datePublished":"2020-11-17T07:39:12+00:00","breadcrumb":{"@id":"https:\/\/maeshoney.com\/y-llego-el-verano-en-este-especial-2020\/#breadcrumb"},"inLanguage":"fr-FR","potentialAction":[{"@type":"ReadAction","target":["https:\/\/maeshoney.com\/y-llego-el-verano-en-este-especial-2020\/"]}]},{"@type":"ImageObject","inLanguage":"fr-FR","@id":"https:\/\/maeshoney.com\/y-llego-el-verano-en-este-especial-2020\/#primaryimage","url":"https:\/\/maeshoney.com\/wp-content\/uploads\/2020\/06\/inicio-verano2-1.jpg","contentUrl":"https:\/\/maeshoney.com\/wp-content\/uploads\/2020\/06\/inicio-verano2-1.jpg","width":1023,"height":686,"caption":"And summer is here!"},{"@type":"BreadcrumbList","@id":"https:\/\/maeshoney.com\/y-llego-el-verano-en-este-especial-2020\/#breadcrumb","itemListElement":[{"@type":"ListItem","position":1,"name":"Portada","item":"https:\/\/maeshoney.com\/fr\/"},{"@type":"ListItem","position":2,"name":"Et l\u2019\u00e9t\u00e9 est l\u00e0! dans ce &quot;sp\u00e9cial&quot; 2020"}]},{"@type":"WebSite","@id":"https:\/\/maeshoney.com\/#website","url":"https:\/\/maeshoney.com\/","name":"MAES HONEY","description":"En Maes Honey somos l\u00edderes en la exportaci\u00f3n de miel en Espa\u00f1a. Contamos con una gran capacidad de producci\u00f3n de miel anual.","publisher":{"@id":"https:\/\/maeshoney.com\/#organization"},"potentialAction":[{"@type":"SearchAction","target":{"@type":"EntryPoint","urlTemplate":"https:\/\/maeshoney.com\/?s={search_term_string}"},"query-input":{"@type":"PropertyValueSpecification","valueRequired":true,"valueName":"search_term_string"}}],"inLanguage":"fr-FR"},{"@type":"Organization","@id":"https:\/\/maeshoney.com\/#organization","name":"MAES HONEY","url":"https:\/\/maeshoney.com\/","logo":{"@type":"ImageObject","inLanguage":"fr-FR","@id":"https:\/\/maeshoney.com\/#\/schema\/logo\/image\/","url":"https:\/\/maeshoney.com\/wp-content\/uploads\/2023\/11\/maes-honey-logo-es.png","contentUrl":"https:\/\/maeshoney.com\/wp-content\/uploads\/2023\/11\/maes-honey-logo-es.png","width":157,"height":66,"caption":"MAES HONEY"},"image":{"@id":"https:\/\/maeshoney.com\/#\/schema\/logo\/image\/"}},{"@type":"Person","@id":"https:\/\/maeshoney.com\/#\/schema\/person\/5cf874002647ce98247633bceaf1641d","name":"Maes Honey","image":{"@type":"ImageObject","inLanguage":"fr-FR","@id":"https:\/\/maeshoney.com\/#\/schema\/person\/image\/","url":"https:\/\/secure.gravatar.com\/avatar\/93b9711a2ec5c6e5eac330335a9276e015de93f7e8de8011ed0a8793f9d0226c?s=96&d=mm&r=g","contentUrl":"https:\/\/secure.gravatar.com\/avatar\/93b9711a2ec5c6e5eac330335a9276e015de93f7e8de8011ed0a8793f9d0226c?s=96&d=mm&r=g","caption":"Maes Honey"}}]}},"_links":{"self":[{"href":"https:\/\/maeshoney.com\/fr\/wp-json\/wp\/v2\/posts\/11588","targetHints":{"allow":["GET"]}}],"collection":[{"href":"https:\/\/maeshoney.com\/fr\/wp-json\/wp\/v2\/posts"}],"about":[{"href":"https:\/\/maeshoney.com\/fr\/wp-json\/wp\/v2\/types\/post"}],"author":[{"embeddable":true,"href":"https:\/\/maeshoney.com\/fr\/wp-json\/wp\/v2\/users\/20"}],"replies":[{"embeddable":true,"href":"https:\/\/maeshoney.com\/fr\/wp-json\/wp\/v2\/comments?post=11588"}],"version-history":[{"count":0,"href":"https:\/\/maeshoney.com\/fr\/wp-json\/wp\/v2\/posts\/11588\/revisions"}],"wp:featuredmedia":[{"embeddable":true,"href":"https:\/\/maeshoney.com\/fr\/wp-json\/wp\/v2\/media\/11439"}],"wp:attachment":[{"href":"https:\/\/maeshoney.com\/fr\/wp-json\/wp\/v2\/media?parent=11588"}],"wp:term":[{"taxonomy":"category","embeddable":true,"href":"https:\/\/maeshoney.com\/fr\/wp-json\/wp\/v2\/categories?post=11588"},{"taxonomy":"post_tag","embeddable":true,"href":"https:\/\/maeshoney.com\/fr\/wp-json\/wp\/v2\/tags?post=11588"}],"curies":[{"name":"wp","href":"https:\/\/api.w.org\/{rel}","templated":true}]}}