{"id":11468,"date":"2020-11-16T11:58:26","date_gmt":"2020-11-16T11:58:26","guid":{"rendered":"https:\/\/maeshoney.com\/?p=11468"},"modified":"2020-11-16T11:58:27","modified_gmt":"2020-11-16T11:58:27","slug":"on-noublie-pas-mois-de-la-maladie-dalzheimer","status":"publish","type":"post","link":"https:\/\/maeshoney.com\/fr\/on-noublie-pas-mois-de-la-maladie-dalzheimer\/","title":{"rendered":"On n\u2019oublie pas&#8230; mois de la maladie d\u2019Alzheimer"},"content":{"rendered":"<h3>Le 21 septembre, la Journ\u00e9e mondiale de la maladie d\u2019Alzheimer est c\u00e9l\u00e9br\u00e9e.<\/h3>\n<p>On n\u2019oublie pas&#8230; mois de la maladie d\u2019Alzheimer. Au cours de ce mois d\u2019Alzheimer, des activit\u00e9s sont men\u00e9es pour sensibiliser et aider \u00e0 pr\u00e9venir cette maladie mentale.<br \/>\n<strong>Chez Maes<\/strong>, nous voulons faire conna\u00eetre la maladie et diffuser des informations \u00e0 ce sujet, en demandant le soutien et la solidarit\u00e9 de la population, des institutions et des organismes officiels en g\u00e9n\u00e9ral.<br \/>\nLa maladie d\u2019Alzheimer est d\u00e9j\u00e0 consid\u00e9r\u00e9e comme <strong>la nouvelle \u00e9pid\u00e9mie du XXIe si\u00e8cle<\/strong> pour des raisons d\u00e9mographiques, cliniques et sociales&#8230; C\u2019est un probl\u00e8me de tous, parce que la d\u00e9pendance qu\u2019il g\u00e9n\u00e8re affecte non seulement les malades, mais aussi son environnement le plus proche.<br \/>\nLa maladie d\u2019Alzheimer est une forme de d\u00e9mence qui affecte la m\u00e9moire, la pens\u00e9e et le comportement. Cliniquement, c\u2019est une maladie neurod\u00e9g\u00e9n\u00e9rative qui se produit avec des probl\u00e8mes significatifs de la m\u00e9moire r\u00e9cente, \u00e0 la suite des d\u00e9p\u00f4ts d\u2019amylo\u00efdes, prot\u00e9ines anormales qui apparaissent dans notre cerveau, causant la d\u00e9g\u00e9n\u00e9rescence progressive et irr\u00e9versible de nos neurones.<br \/>\nCette maladie <strong>est la cause la plus fr\u00e9quente de d\u00e9mence<\/strong>. Heureusement, gr\u00e2ce aux progr\u00e8s de la science et de la m\u00e9decine, notre esp\u00e9rance de vie d\u00e9passe de loin les 80 ans. S\u2019il y a une chose dont nous sommes s\u00fbrs en ce moment, c\u2019est que, gr\u00e2ce \u00e0 la recherche clinique, nous serons en mesure de vivre de plus en plus longtemps, quelque chose auquel nous aspirons tous chaque fois que nous pourrons jouir d\u2019une bonne qualit\u00e9 de vie, mais ce vieillissement augmentera certainement les cas de la maladie d\u2019Alzheimer de plus en plus.<br \/>\nNous vous invitons tod@s \u00e0 participer \u00e0 ce travail en faveur des personnes et des familles atteintes de cette maladie, et nous aidons \u00e0 sensibiliser. Et un soutien particulier pour les soignants et les proches des malades: ils sont toujours \u00e0 leurs c\u00f4t\u00e9s, toujours de garde, beaucoup quittent leur travail, la plupart changent leur mode de vie et leur mode de vie pour se donner, ne se reposent pas ou ne profitent pas de vacances&#8230; Ce sont en fait les principaux protagonistes.<br \/>\nOn n\u2019oublie pas&#8230; mois de la maladie d\u2019Alzheimer. <strong>On est avec toi<\/strong>.<br \/>\n&nbsp;<br \/>\n<a href=\"https:\/\/es-es.facebook.com\/MaesHoney\/\">https:\/\/es-es.facebook.com\/MaesHoney\/<\/a><\/p>\n","protected":false},"excerpt":{"rendered":"<p>Le 21 septembre, la Journ\u00e9e mondiale de la maladie d\u2019Alzheimer est c\u00e9l\u00e9br\u00e9e. On n\u2019oublie pas&#8230; mois de la maladie d\u2019Alzheimer. Au cours de ce mois d\u2019Alzheimer, des activit\u00e9s sont men\u00e9es&hellip;<\/p>\n","protected":false},"author":20,"featured_media":11461,"comment_status":"closed","ping_status":"closed","sticky":false,"template":"","format":"standard","meta":{"_acf_changed":false,"footnotes":""},"categories":[97],"tags":[],"class_list":["post-11468","post","type-post","status-publish","format-standard","has-post-thumbnail","hentry","category-non-classifiee"],"acf":[],"yoast_head":"<!-- This site is optimized with the Yoast SEO plugin v27.1.1 - https:\/\/yoast.com\/product\/yoast-seo-wordpress\/ -->\n<title>On n\u2019oublie pas... mois de la maladie d\u2019Alzheimer - MAES HONEY<\/title>\n<meta name=\"robots\" content=\"index, follow, max-snippet:-1, max-image-preview:large, max-video-preview:-1\" \/>\n<link rel=\"canonical\" href=\"https:\/\/maeshoney.com\/no-te-olvidamos-mes-del-alzheimer\/\" \/>\n<meta property=\"og:locale\" content=\"fr_FR\" \/>\n<meta property=\"og:type\" content=\"article\" \/>\n<meta property=\"og:title\" content=\"On n\u2019oublie pas... mois de la maladie d\u2019Alzheimer - MAES HONEY\" \/>\n<meta property=\"og:description\" content=\"Le 21 septembre, la Journ\u00e9e mondiale de la maladie d\u2019Alzheimer est c\u00e9l\u00e9br\u00e9e. On n\u2019oublie pas&#8230; mois de la maladie d\u2019Alzheimer. Au cours de ce mois d\u2019Alzheimer, des activit\u00e9s sont men\u00e9es&hellip;\" \/>\n<meta property=\"og:url\" content=\"https:\/\/maeshoney.com\/no-te-olvidamos-mes-del-alzheimer\/\" \/>\n<meta property=\"og:site_name\" content=\"MAES HONEY\" \/>\n<meta property=\"article:published_time\" content=\"2020-11-16T11:58:26+00:00\" \/>\n<meta property=\"article:modified_time\" content=\"2020-11-16T11:58:27+00:00\" \/>\n<meta property=\"og:image\" content=\"https:\/\/maeshoney.com\/wp-content\/uploads\/2020\/09\/mes-alzheimer.jpg\" \/>\n\t<meta property=\"og:image:width\" content=\"1000\" \/>\n\t<meta property=\"og:image:height\" content=\"617\" \/>\n\t<meta property=\"og:image:type\" content=\"image\/jpeg\" \/>\n<meta name=\"author\" content=\"Maes Honey\" \/>\n<meta name=\"twitter:card\" content=\"summary_large_image\" \/>\n<meta name=\"twitter:label1\" content=\"\u00c9crit par\" \/>\n\t<meta name=\"twitter:data1\" content=\"Maes Honey\" \/>\n\t<meta name=\"twitter:label2\" content=\"Dur\u00e9e de lecture estim\u00e9e\" \/>\n\t<meta name=\"twitter:data2\" content=\"2 minutes\" \/>\n<script type=\"application\/ld+json\" class=\"yoast-schema-graph\">{\"@context\":\"https:\/\/schema.org\",\"@graph\":[{\"@type\":\"Article\",\"@id\":\"https:\/\/maeshoney.com\/no-te-olvidamos-mes-del-alzheimer\/#article\",\"isPartOf\":{\"@id\":\"https:\/\/maeshoney.com\/no-te-olvidamos-mes-del-alzheimer\/\"},\"author\":{\"name\":\"Maes Honey\",\"@id\":\"https:\/\/maeshoney.com\/#\/schema\/person\/5cf874002647ce98247633bceaf1641d\"},\"headline\":\"On n\u2019oublie pas&#8230; mois de la maladie d\u2019Alzheimer\",\"datePublished\":\"2020-11-16T11:58:26+00:00\",\"dateModified\":\"2020-11-16T11:58:27+00:00\",\"mainEntityOfPage\":{\"@id\":\"https:\/\/maeshoney.com\/no-te-olvidamos-mes-del-alzheimer\/\"},\"wordCount\":428,\"publisher\":{\"@id\":\"https:\/\/maeshoney.com\/#organization\"},\"image\":{\"@id\":\"https:\/\/maeshoney.com\/no-te-olvidamos-mes-del-alzheimer\/#primaryimage\"},\"thumbnailUrl\":\"https:\/\/maeshoney.com\/wp-content\/uploads\/2020\/09\/mes-alzheimer.jpg\",\"articleSection\":[\"Non classifi\u00e9(e)\"],\"inLanguage\":\"fr-FR\"},{\"@type\":\"WebPage\",\"@id\":\"https:\/\/maeshoney.com\/no-te-olvidamos-mes-del-alzheimer\/\",\"url\":\"https:\/\/maeshoney.com\/no-te-olvidamos-mes-del-alzheimer\/\",\"name\":\"On n\u2019oublie pas... mois de la maladie d\u2019Alzheimer - MAES HONEY\",\"isPartOf\":{\"@id\":\"https:\/\/maeshoney.com\/#website\"},\"primaryImageOfPage\":{\"@id\":\"https:\/\/maeshoney.com\/no-te-olvidamos-mes-del-alzheimer\/#primaryimage\"},\"image\":{\"@id\":\"https:\/\/maeshoney.com\/no-te-olvidamos-mes-del-alzheimer\/#primaryimage\"},\"thumbnailUrl\":\"https:\/\/maeshoney.com\/wp-content\/uploads\/2020\/09\/mes-alzheimer.jpg\",\"datePublished\":\"2020-11-16T11:58:26+00:00\",\"dateModified\":\"2020-11-16T11:58:27+00:00\",\"breadcrumb\":{\"@id\":\"https:\/\/maeshoney.com\/no-te-olvidamos-mes-del-alzheimer\/#breadcrumb\"},\"inLanguage\":\"fr-FR\",\"potentialAction\":[{\"@type\":\"ReadAction\",\"target\":[\"https:\/\/maeshoney.com\/no-te-olvidamos-mes-del-alzheimer\/\"]}]},{\"@type\":\"ImageObject\",\"inLanguage\":\"fr-FR\",\"@id\":\"https:\/\/maeshoney.com\/no-te-olvidamos-mes-del-alzheimer\/#primaryimage\",\"url\":\"https:\/\/maeshoney.com\/wp-content\/uploads\/2020\/09\/mes-alzheimer.jpg\",\"contentUrl\":\"https:\/\/maeshoney.com\/wp-content\/uploads\/2020\/09\/mes-alzheimer.jpg\",\"width\":1000,\"height\":617,\"caption\":\"Maes con el Alzheimer\"},{\"@type\":\"BreadcrumbList\",\"@id\":\"https:\/\/maeshoney.com\/no-te-olvidamos-mes-del-alzheimer\/#breadcrumb\",\"itemListElement\":[{\"@type\":\"ListItem\",\"position\":1,\"name\":\"Portada\",\"item\":\"https:\/\/maeshoney.com\/fr\/\"},{\"@type\":\"ListItem\",\"position\":2,\"name\":\"On n\u2019oublie pas&#8230; mois de la maladie d\u2019Alzheimer\"}]},{\"@type\":\"WebSite\",\"@id\":\"https:\/\/maeshoney.com\/#website\",\"url\":\"https:\/\/maeshoney.com\/\",\"name\":\"MAES HONEY\",\"description\":\"En Maes Honey somos l\u00edderes en la exportaci\u00f3n de miel en Espa\u00f1a. Contamos con una gran capacidad de producci\u00f3n de miel anual.\",\"publisher\":{\"@id\":\"https:\/\/maeshoney.com\/#organization\"},\"potentialAction\":[{\"@type\":\"SearchAction\",\"target\":{\"@type\":\"EntryPoint\",\"urlTemplate\":\"https:\/\/maeshoney.com\/?s={search_term_string}\"},\"query-input\":{\"@type\":\"PropertyValueSpecification\",\"valueRequired\":true,\"valueName\":\"search_term_string\"}}],\"inLanguage\":\"fr-FR\"},{\"@type\":\"Organization\",\"@id\":\"https:\/\/maeshoney.com\/#organization\",\"name\":\"MAES HONEY\",\"url\":\"https:\/\/maeshoney.com\/\",\"logo\":{\"@type\":\"ImageObject\",\"inLanguage\":\"fr-FR\",\"@id\":\"https:\/\/maeshoney.com\/#\/schema\/logo\/image\/\",\"url\":\"https:\/\/maeshoney.com\/wp-content\/uploads\/2023\/11\/maes-honey-logo-es.png\",\"contentUrl\":\"https:\/\/maeshoney.com\/wp-content\/uploads\/2023\/11\/maes-honey-logo-es.png\",\"width\":157,\"height\":66,\"caption\":\"MAES HONEY\"},\"image\":{\"@id\":\"https:\/\/maeshoney.com\/#\/schema\/logo\/image\/\"}},{\"@type\":\"Person\",\"@id\":\"https:\/\/maeshoney.com\/#\/schema\/person\/5cf874002647ce98247633bceaf1641d\",\"name\":\"Maes Honey\",\"image\":{\"@type\":\"ImageObject\",\"inLanguage\":\"fr-FR\",\"@id\":\"https:\/\/maeshoney.com\/#\/schema\/person\/image\/\",\"url\":\"https:\/\/secure.gravatar.com\/avatar\/93b9711a2ec5c6e5eac330335a9276e015de93f7e8de8011ed0a8793f9d0226c?s=96&d=mm&r=g\",\"contentUrl\":\"https:\/\/secure.gravatar.com\/avatar\/93b9711a2ec5c6e5eac330335a9276e015de93f7e8de8011ed0a8793f9d0226c?s=96&d=mm&r=g\",\"caption\":\"Maes Honey\"}}]}<\/script>\n<!-- \/ Yoast SEO plugin. -->","yoast_head_json":{"title":"On n\u2019oublie pas... mois de la maladie d\u2019Alzheimer - MAES HONEY","robots":{"index":"index","follow":"follow","max-snippet":"max-snippet:-1","max-image-preview":"max-image-preview:large","max-video-preview":"max-video-preview:-1"},"canonical":"https:\/\/maeshoney.com\/no-te-olvidamos-mes-del-alzheimer\/","og_locale":"fr_FR","og_type":"article","og_title":"On n\u2019oublie pas... mois de la maladie d\u2019Alzheimer - MAES HONEY","og_description":"Le 21 septembre, la Journ\u00e9e mondiale de la maladie d\u2019Alzheimer est c\u00e9l\u00e9br\u00e9e. On n\u2019oublie pas&#8230; mois de la maladie d\u2019Alzheimer. Au cours de ce mois d\u2019Alzheimer, des activit\u00e9s sont men\u00e9es&hellip;","og_url":"https:\/\/maeshoney.com\/no-te-olvidamos-mes-del-alzheimer\/","og_site_name":"MAES HONEY","article_published_time":"2020-11-16T11:58:26+00:00","article_modified_time":"2020-11-16T11:58:27+00:00","og_image":[{"width":1000,"height":617,"url":"https:\/\/maeshoney.com\/wp-content\/uploads\/2020\/09\/mes-alzheimer.jpg","type":"image\/jpeg"}],"author":"Maes Honey","twitter_card":"summary_large_image","twitter_misc":{"\u00c9crit par":"Maes Honey","Dur\u00e9e de lecture estim\u00e9e":"2 minutes"},"schema":{"@context":"https:\/\/schema.org","@graph":[{"@type":"Article","@id":"https:\/\/maeshoney.com\/no-te-olvidamos-mes-del-alzheimer\/#article","isPartOf":{"@id":"https:\/\/maeshoney.com\/no-te-olvidamos-mes-del-alzheimer\/"},"author":{"name":"Maes Honey","@id":"https:\/\/maeshoney.com\/#\/schema\/person\/5cf874002647ce98247633bceaf1641d"},"headline":"On n\u2019oublie pas&#8230; mois de la maladie d\u2019Alzheimer","datePublished":"2020-11-16T11:58:26+00:00","dateModified":"2020-11-16T11:58:27+00:00","mainEntityOfPage":{"@id":"https:\/\/maeshoney.com\/no-te-olvidamos-mes-del-alzheimer\/"},"wordCount":428,"publisher":{"@id":"https:\/\/maeshoney.com\/#organization"},"image":{"@id":"https:\/\/maeshoney.com\/no-te-olvidamos-mes-del-alzheimer\/#primaryimage"},"thumbnailUrl":"https:\/\/maeshoney.com\/wp-content\/uploads\/2020\/09\/mes-alzheimer.jpg","articleSection":["Non classifi\u00e9(e)"],"inLanguage":"fr-FR"},{"@type":"WebPage","@id":"https:\/\/maeshoney.com\/no-te-olvidamos-mes-del-alzheimer\/","url":"https:\/\/maeshoney.com\/no-te-olvidamos-mes-del-alzheimer\/","name":"On n\u2019oublie pas... mois de la maladie d\u2019Alzheimer - MAES HONEY","isPartOf":{"@id":"https:\/\/maeshoney.com\/#website"},"primaryImageOfPage":{"@id":"https:\/\/maeshoney.com\/no-te-olvidamos-mes-del-alzheimer\/#primaryimage"},"image":{"@id":"https:\/\/maeshoney.com\/no-te-olvidamos-mes-del-alzheimer\/#primaryimage"},"thumbnailUrl":"https:\/\/maeshoney.com\/wp-content\/uploads\/2020\/09\/mes-alzheimer.jpg","datePublished":"2020-11-16T11:58:26+00:00","dateModified":"2020-11-16T11:58:27+00:00","breadcrumb":{"@id":"https:\/\/maeshoney.com\/no-te-olvidamos-mes-del-alzheimer\/#breadcrumb"},"inLanguage":"fr-FR","potentialAction":[{"@type":"ReadAction","target":["https:\/\/maeshoney.com\/no-te-olvidamos-mes-del-alzheimer\/"]}]},{"@type":"ImageObject","inLanguage":"fr-FR","@id":"https:\/\/maeshoney.com\/no-te-olvidamos-mes-del-alzheimer\/#primaryimage","url":"https:\/\/maeshoney.com\/wp-content\/uploads\/2020\/09\/mes-alzheimer.jpg","contentUrl":"https:\/\/maeshoney.com\/wp-content\/uploads\/2020\/09\/mes-alzheimer.jpg","width":1000,"height":617,"caption":"Maes con el Alzheimer"},{"@type":"BreadcrumbList","@id":"https:\/\/maeshoney.com\/no-te-olvidamos-mes-del-alzheimer\/#breadcrumb","itemListElement":[{"@type":"ListItem","position":1,"name":"Portada","item":"https:\/\/maeshoney.com\/fr\/"},{"@type":"ListItem","position":2,"name":"On n\u2019oublie pas&#8230; mois de la maladie d\u2019Alzheimer"}]},{"@type":"WebSite","@id":"https:\/\/maeshoney.com\/#website","url":"https:\/\/maeshoney.com\/","name":"MAES HONEY","description":"En Maes Honey somos l\u00edderes en la exportaci\u00f3n de miel en Espa\u00f1a. Contamos con una gran capacidad de producci\u00f3n de miel anual.","publisher":{"@id":"https:\/\/maeshoney.com\/#organization"},"potentialAction":[{"@type":"SearchAction","target":{"@type":"EntryPoint","urlTemplate":"https:\/\/maeshoney.com\/?s={search_term_string}"},"query-input":{"@type":"PropertyValueSpecification","valueRequired":true,"valueName":"search_term_string"}}],"inLanguage":"fr-FR"},{"@type":"Organization","@id":"https:\/\/maeshoney.com\/#organization","name":"MAES HONEY","url":"https:\/\/maeshoney.com\/","logo":{"@type":"ImageObject","inLanguage":"fr-FR","@id":"https:\/\/maeshoney.com\/#\/schema\/logo\/image\/","url":"https:\/\/maeshoney.com\/wp-content\/uploads\/2023\/11\/maes-honey-logo-es.png","contentUrl":"https:\/\/maeshoney.com\/wp-content\/uploads\/2023\/11\/maes-honey-logo-es.png","width":157,"height":66,"caption":"MAES HONEY"},"image":{"@id":"https:\/\/maeshoney.com\/#\/schema\/logo\/image\/"}},{"@type":"Person","@id":"https:\/\/maeshoney.com\/#\/schema\/person\/5cf874002647ce98247633bceaf1641d","name":"Maes Honey","image":{"@type":"ImageObject","inLanguage":"fr-FR","@id":"https:\/\/maeshoney.com\/#\/schema\/person\/image\/","url":"https:\/\/secure.gravatar.com\/avatar\/93b9711a2ec5c6e5eac330335a9276e015de93f7e8de8011ed0a8793f9d0226c?s=96&d=mm&r=g","contentUrl":"https:\/\/secure.gravatar.com\/avatar\/93b9711a2ec5c6e5eac330335a9276e015de93f7e8de8011ed0a8793f9d0226c?s=96&d=mm&r=g","caption":"Maes Honey"}}]}},"_links":{"self":[{"href":"https:\/\/maeshoney.com\/fr\/wp-json\/wp\/v2\/posts\/11468","targetHints":{"allow":["GET"]}}],"collection":[{"href":"https:\/\/maeshoney.com\/fr\/wp-json\/wp\/v2\/posts"}],"about":[{"href":"https:\/\/maeshoney.com\/fr\/wp-json\/wp\/v2\/types\/post"}],"author":[{"embeddable":true,"href":"https:\/\/maeshoney.com\/fr\/wp-json\/wp\/v2\/users\/20"}],"replies":[{"embeddable":true,"href":"https:\/\/maeshoney.com\/fr\/wp-json\/wp\/v2\/comments?post=11468"}],"version-history":[{"count":0,"href":"https:\/\/maeshoney.com\/fr\/wp-json\/wp\/v2\/posts\/11468\/revisions"}],"wp:featuredmedia":[{"embeddable":true,"href":"https:\/\/maeshoney.com\/fr\/wp-json\/wp\/v2\/media\/11461"}],"wp:attachment":[{"href":"https:\/\/maeshoney.com\/fr\/wp-json\/wp\/v2\/media?parent=11468"}],"wp:term":[{"taxonomy":"category","embeddable":true,"href":"https:\/\/maeshoney.com\/fr\/wp-json\/wp\/v2\/categories?post=11468"},{"taxonomy":"post_tag","embeddable":true,"href":"https:\/\/maeshoney.com\/fr\/wp-json\/wp\/v2\/tags?post=11468"}],"curies":[{"name":"wp","href":"https:\/\/api.w.org\/{rel}","templated":true}]}}