{"id":11465,"date":"2020-11-16T11:53:42","date_gmt":"2020-11-16T11:53:42","guid":{"rendered":"https:\/\/maeshoney.com\/?p=11465"},"modified":"2020-11-16T11:53:42","modified_gmt":"2020-11-16T11:53:42","slug":"we-dont-forget-alzheimers-month-2","status":"publish","type":"post","link":"https:\/\/maeshoney.com\/en\/we-dont-forget-alzheimers-month-2\/","title":{"rendered":"We don&#039;t forget&#8230; Alzheimer&#039;s month"},"content":{"rendered":"<h3>On September 21, World Alzheimer&#8217;s Day is celebrated.<\/h3>\n<p>We don&#8217;t forget, Alzheimer&#8217;s month. During this month of Alzheimer&#8217;s, activities are carried out to raise awareness and help prevent this mental illness.<br \/>\n<strong>At Maes<\/strong> we want to publicize the disease and disseminate information on it, requesting the support and solidarity of the general population, institutions and official bodies.<br \/>\nAlzheimer&#8217;s is already considered the <strong>new epidemic of the 21st century<\/strong> for demographic, clinical and social reasons&#8230; It is a problem of all, because the dependence it generates affects not only the sick, but also its nearest environment.<br \/>\nAlzheimer&#8217;s disease is a form of dementia that affects memory, thinking and behavior. Clinically, it is a neurodegenerative disease that occurs with significant problems of recent memory, as a result of the deposits of amyloid, abnormal proteins that appear in our brain, causing the progressive and irreversible degeneration of our neurons.<br \/>\nThis disease is <strong>the most common cause of dementia<\/strong>. Fortunately, thanks to advances in science and medicine, our life expectancy far exceeds 80 years. If there&#8217;s one thing we&#8217;re sure of right now, it&#8217;s that, thanks to clinical research, we will be able to live longer and longer, something that we all aspire to whenever we can enjoy a good quality of life, but this aging will certainly increase cases of Alzheimer&#8217;s disease more and more.<br \/>\nWe invite you tod@s to participate in this work in support of the individuals and families suffering from this disease, and help us raise awareness. And special support for the caregivers and relatives of the sick: they are always at their side, always on call, many leave their work, most change their lifestyle and way of life to give themselves to them, do not rest or enjoy holidays&#8230; They&#8217;re actually the main protagonists.<br \/>\nWe don&#8217;t forget, Alzheimer&#8217;s month. <strong>We&#8217;re with you<\/strong>.<br \/>\n&nbsp;<br \/>\n<a href=\"https:\/\/es-es.facebook.com\/MaesHoney\/\">https:\/\/es-es.facebook.com\/MaesHoney\/<\/a><\/p>\n","protected":false},"excerpt":{"rendered":"<p>On September 21, World Alzheimer&#8217;s Day is celebrated. We don&#8217;t forget, Alzheimer&#8217;s month. During this month of Alzheimer&#8217;s, activities are carried out to raise awareness and help prevent this mental&hellip;<\/p>\n","protected":false},"author":20,"featured_media":11460,"comment_status":"closed","ping_status":"closed","sticky":false,"template":"","format":"standard","meta":{"_acf_changed":false,"footnotes":""},"categories":[1],"tags":[],"class_list":["post-11465","post","type-post","status-publish","format-standard","has-post-thumbnail","hentry","category-sin-categoria"],"acf":[],"yoast_head":"<!-- This site is optimized with the Yoast SEO plugin v27.1.1 - https:\/\/yoast.com\/product\/yoast-seo-wordpress\/ -->\n<title>We don&#039;t forget... Alzheimer&#039;s month - MAES HONEY<\/title>\n<meta name=\"robots\" content=\"index, follow, max-snippet:-1, max-image-preview:large, max-video-preview:-1\" \/>\n<link rel=\"canonical\" href=\"https:\/\/maeshoney.com\/no-te-olvidamos-mes-del-alzheimer\/\" \/>\n<meta property=\"og:locale\" content=\"en_US\" \/>\n<meta property=\"og:type\" content=\"article\" \/>\n<meta property=\"og:title\" content=\"We don&#039;t forget... Alzheimer&#039;s month - MAES HONEY\" \/>\n<meta property=\"og:description\" content=\"On September 21, World Alzheimer&#8217;s Day is celebrated. We don&#8217;t forget, Alzheimer&#8217;s month. During this month of Alzheimer&#8217;s, activities are carried out to raise awareness and help prevent this mental&hellip;\" \/>\n<meta property=\"og:url\" content=\"https:\/\/maeshoney.com\/no-te-olvidamos-mes-del-alzheimer\/\" \/>\n<meta property=\"og:site_name\" content=\"MAES HONEY\" \/>\n<meta property=\"article:published_time\" content=\"2020-11-16T11:53:42+00:00\" \/>\n<meta property=\"og:image\" content=\"https:\/\/maeshoney.com\/wp-content\/uploads\/2020\/09\/mes-alzheimer.jpg\" \/>\n\t<meta property=\"og:image:width\" content=\"1000\" \/>\n\t<meta property=\"og:image:height\" content=\"617\" \/>\n\t<meta property=\"og:image:type\" content=\"image\/jpeg\" \/>\n<meta name=\"author\" content=\"Maes Honey\" \/>\n<meta name=\"twitter:card\" content=\"summary_large_image\" \/>\n<meta name=\"twitter:label1\" content=\"Written by\" \/>\n\t<meta name=\"twitter:data1\" content=\"Maes Honey\" \/>\n\t<meta name=\"twitter:label2\" content=\"Est. reading time\" \/>\n\t<meta name=\"twitter:data2\" content=\"2 minutes\" \/>\n<script type=\"application\/ld+json\" class=\"yoast-schema-graph\">{\"@context\":\"https:\/\/schema.org\",\"@graph\":[{\"@type\":\"Article\",\"@id\":\"https:\/\/maeshoney.com\/no-te-olvidamos-mes-del-alzheimer\/#article\",\"isPartOf\":{\"@id\":\"https:\/\/maeshoney.com\/no-te-olvidamos-mes-del-alzheimer\/\"},\"author\":{\"name\":\"Maes Honey\",\"@id\":\"https:\/\/maeshoney.com\/#\/schema\/person\/5cf874002647ce98247633bceaf1641d\"},\"headline\":\"We don&#039;t forget&#8230; Alzheimer&#039;s month\",\"datePublished\":\"2020-11-16T11:53:42+00:00\",\"mainEntityOfPage\":{\"@id\":\"https:\/\/maeshoney.com\/no-te-olvidamos-mes-del-alzheimer\/\"},\"wordCount\":315,\"publisher\":{\"@id\":\"https:\/\/maeshoney.com\/#organization\"},\"image\":{\"@id\":\"https:\/\/maeshoney.com\/no-te-olvidamos-mes-del-alzheimer\/#primaryimage\"},\"thumbnailUrl\":\"https:\/\/maeshoney.com\/wp-content\/uploads\/2020\/09\/mes-alzheimer.jpg\",\"articleSection\":[\"Sin categor\u00eda\"],\"inLanguage\":\"en-US\"},{\"@type\":\"WebPage\",\"@id\":\"https:\/\/maeshoney.com\/no-te-olvidamos-mes-del-alzheimer\/\",\"url\":\"https:\/\/maeshoney.com\/no-te-olvidamos-mes-del-alzheimer\/\",\"name\":\"We don&#039;t forget... Alzheimer&#039;s month - MAES HONEY\",\"isPartOf\":{\"@id\":\"https:\/\/maeshoney.com\/#website\"},\"primaryImageOfPage\":{\"@id\":\"https:\/\/maeshoney.com\/no-te-olvidamos-mes-del-alzheimer\/#primaryimage\"},\"image\":{\"@id\":\"https:\/\/maeshoney.com\/no-te-olvidamos-mes-del-alzheimer\/#primaryimage\"},\"thumbnailUrl\":\"https:\/\/maeshoney.com\/wp-content\/uploads\/2020\/09\/mes-alzheimer.jpg\",\"datePublished\":\"2020-11-16T11:53:42+00:00\",\"breadcrumb\":{\"@id\":\"https:\/\/maeshoney.com\/no-te-olvidamos-mes-del-alzheimer\/#breadcrumb\"},\"inLanguage\":\"en-US\",\"potentialAction\":[{\"@type\":\"ReadAction\",\"target\":[\"https:\/\/maeshoney.com\/no-te-olvidamos-mes-del-alzheimer\/\"]}]},{\"@type\":\"ImageObject\",\"inLanguage\":\"en-US\",\"@id\":\"https:\/\/maeshoney.com\/no-te-olvidamos-mes-del-alzheimer\/#primaryimage\",\"url\":\"https:\/\/maeshoney.com\/wp-content\/uploads\/2020\/09\/mes-alzheimer.jpg\",\"contentUrl\":\"https:\/\/maeshoney.com\/wp-content\/uploads\/2020\/09\/mes-alzheimer.jpg\",\"width\":1000,\"height\":617,\"caption\":\"Maes con el Alzheimer\"},{\"@type\":\"BreadcrumbList\",\"@id\":\"https:\/\/maeshoney.com\/no-te-olvidamos-mes-del-alzheimer\/#breadcrumb\",\"itemListElement\":[{\"@type\":\"ListItem\",\"position\":1,\"name\":\"Portada\",\"item\":\"https:\/\/maeshoney.com\/en\/\"},{\"@type\":\"ListItem\",\"position\":2,\"name\":\"We don&#039;t forget&#8230; Alzheimer&#039;s month\"}]},{\"@type\":\"WebSite\",\"@id\":\"https:\/\/maeshoney.com\/#website\",\"url\":\"https:\/\/maeshoney.com\/\",\"name\":\"MAES HONEY\",\"description\":\"En Maes Honey somos l\u00edderes en la exportaci\u00f3n de miel en Espa\u00f1a. Contamos con una gran capacidad de producci\u00f3n de miel anual.\",\"publisher\":{\"@id\":\"https:\/\/maeshoney.com\/#organization\"},\"potentialAction\":[{\"@type\":\"SearchAction\",\"target\":{\"@type\":\"EntryPoint\",\"urlTemplate\":\"https:\/\/maeshoney.com\/?s={search_term_string}\"},\"query-input\":{\"@type\":\"PropertyValueSpecification\",\"valueRequired\":true,\"valueName\":\"search_term_string\"}}],\"inLanguage\":\"en-US\"},{\"@type\":\"Organization\",\"@id\":\"https:\/\/maeshoney.com\/#organization\",\"name\":\"MAES HONEY\",\"url\":\"https:\/\/maeshoney.com\/\",\"logo\":{\"@type\":\"ImageObject\",\"inLanguage\":\"en-US\",\"@id\":\"https:\/\/maeshoney.com\/#\/schema\/logo\/image\/\",\"url\":\"https:\/\/maeshoney.com\/wp-content\/uploads\/2023\/11\/maes-honey-logo-es.png\",\"contentUrl\":\"https:\/\/maeshoney.com\/wp-content\/uploads\/2023\/11\/maes-honey-logo-es.png\",\"width\":157,\"height\":66,\"caption\":\"MAES HONEY\"},\"image\":{\"@id\":\"https:\/\/maeshoney.com\/#\/schema\/logo\/image\/\"}},{\"@type\":\"Person\",\"@id\":\"https:\/\/maeshoney.com\/#\/schema\/person\/5cf874002647ce98247633bceaf1641d\",\"name\":\"Maes Honey\",\"image\":{\"@type\":\"ImageObject\",\"inLanguage\":\"en-US\",\"@id\":\"https:\/\/maeshoney.com\/#\/schema\/person\/image\/\",\"url\":\"https:\/\/secure.gravatar.com\/avatar\/93b9711a2ec5c6e5eac330335a9276e015de93f7e8de8011ed0a8793f9d0226c?s=96&d=mm&r=g\",\"contentUrl\":\"https:\/\/secure.gravatar.com\/avatar\/93b9711a2ec5c6e5eac330335a9276e015de93f7e8de8011ed0a8793f9d0226c?s=96&d=mm&r=g\",\"caption\":\"Maes Honey\"}}]}<\/script>\n<!-- \/ Yoast SEO plugin. -->","yoast_head_json":{"title":"We don&#039;t forget... Alzheimer&#039;s month - MAES HONEY","robots":{"index":"index","follow":"follow","max-snippet":"max-snippet:-1","max-image-preview":"max-image-preview:large","max-video-preview":"max-video-preview:-1"},"canonical":"https:\/\/maeshoney.com\/no-te-olvidamos-mes-del-alzheimer\/","og_locale":"en_US","og_type":"article","og_title":"We don&#039;t forget... Alzheimer&#039;s month - MAES HONEY","og_description":"On September 21, World Alzheimer&#8217;s Day is celebrated. We don&#8217;t forget, Alzheimer&#8217;s month. During this month of Alzheimer&#8217;s, activities are carried out to raise awareness and help prevent this mental&hellip;","og_url":"https:\/\/maeshoney.com\/no-te-olvidamos-mes-del-alzheimer\/","og_site_name":"MAES HONEY","article_published_time":"2020-11-16T11:53:42+00:00","og_image":[{"width":1000,"height":617,"url":"https:\/\/maeshoney.com\/wp-content\/uploads\/2020\/09\/mes-alzheimer.jpg","type":"image\/jpeg"}],"author":"Maes Honey","twitter_card":"summary_large_image","twitter_misc":{"Written by":"Maes Honey","Est. reading time":"2 minutes"},"schema":{"@context":"https:\/\/schema.org","@graph":[{"@type":"Article","@id":"https:\/\/maeshoney.com\/no-te-olvidamos-mes-del-alzheimer\/#article","isPartOf":{"@id":"https:\/\/maeshoney.com\/no-te-olvidamos-mes-del-alzheimer\/"},"author":{"name":"Maes Honey","@id":"https:\/\/maeshoney.com\/#\/schema\/person\/5cf874002647ce98247633bceaf1641d"},"headline":"We don&#039;t forget&#8230; Alzheimer&#039;s month","datePublished":"2020-11-16T11:53:42+00:00","mainEntityOfPage":{"@id":"https:\/\/maeshoney.com\/no-te-olvidamos-mes-del-alzheimer\/"},"wordCount":315,"publisher":{"@id":"https:\/\/maeshoney.com\/#organization"},"image":{"@id":"https:\/\/maeshoney.com\/no-te-olvidamos-mes-del-alzheimer\/#primaryimage"},"thumbnailUrl":"https:\/\/maeshoney.com\/wp-content\/uploads\/2020\/09\/mes-alzheimer.jpg","articleSection":["Sin categor\u00eda"],"inLanguage":"en-US"},{"@type":"WebPage","@id":"https:\/\/maeshoney.com\/no-te-olvidamos-mes-del-alzheimer\/","url":"https:\/\/maeshoney.com\/no-te-olvidamos-mes-del-alzheimer\/","name":"We don&#039;t forget... Alzheimer&#039;s month - MAES HONEY","isPartOf":{"@id":"https:\/\/maeshoney.com\/#website"},"primaryImageOfPage":{"@id":"https:\/\/maeshoney.com\/no-te-olvidamos-mes-del-alzheimer\/#primaryimage"},"image":{"@id":"https:\/\/maeshoney.com\/no-te-olvidamos-mes-del-alzheimer\/#primaryimage"},"thumbnailUrl":"https:\/\/maeshoney.com\/wp-content\/uploads\/2020\/09\/mes-alzheimer.jpg","datePublished":"2020-11-16T11:53:42+00:00","breadcrumb":{"@id":"https:\/\/maeshoney.com\/no-te-olvidamos-mes-del-alzheimer\/#breadcrumb"},"inLanguage":"en-US","potentialAction":[{"@type":"ReadAction","target":["https:\/\/maeshoney.com\/no-te-olvidamos-mes-del-alzheimer\/"]}]},{"@type":"ImageObject","inLanguage":"en-US","@id":"https:\/\/maeshoney.com\/no-te-olvidamos-mes-del-alzheimer\/#primaryimage","url":"https:\/\/maeshoney.com\/wp-content\/uploads\/2020\/09\/mes-alzheimer.jpg","contentUrl":"https:\/\/maeshoney.com\/wp-content\/uploads\/2020\/09\/mes-alzheimer.jpg","width":1000,"height":617,"caption":"Maes con el Alzheimer"},{"@type":"BreadcrumbList","@id":"https:\/\/maeshoney.com\/no-te-olvidamos-mes-del-alzheimer\/#breadcrumb","itemListElement":[{"@type":"ListItem","position":1,"name":"Portada","item":"https:\/\/maeshoney.com\/en\/"},{"@type":"ListItem","position":2,"name":"We don&#039;t forget&#8230; Alzheimer&#039;s month"}]},{"@type":"WebSite","@id":"https:\/\/maeshoney.com\/#website","url":"https:\/\/maeshoney.com\/","name":"MAES HONEY","description":"En Maes Honey somos l\u00edderes en la exportaci\u00f3n de miel en Espa\u00f1a. Contamos con una gran capacidad de producci\u00f3n de miel anual.","publisher":{"@id":"https:\/\/maeshoney.com\/#organization"},"potentialAction":[{"@type":"SearchAction","target":{"@type":"EntryPoint","urlTemplate":"https:\/\/maeshoney.com\/?s={search_term_string}"},"query-input":{"@type":"PropertyValueSpecification","valueRequired":true,"valueName":"search_term_string"}}],"inLanguage":"en-US"},{"@type":"Organization","@id":"https:\/\/maeshoney.com\/#organization","name":"MAES HONEY","url":"https:\/\/maeshoney.com\/","logo":{"@type":"ImageObject","inLanguage":"en-US","@id":"https:\/\/maeshoney.com\/#\/schema\/logo\/image\/","url":"https:\/\/maeshoney.com\/wp-content\/uploads\/2023\/11\/maes-honey-logo-es.png","contentUrl":"https:\/\/maeshoney.com\/wp-content\/uploads\/2023\/11\/maes-honey-logo-es.png","width":157,"height":66,"caption":"MAES HONEY"},"image":{"@id":"https:\/\/maeshoney.com\/#\/schema\/logo\/image\/"}},{"@type":"Person","@id":"https:\/\/maeshoney.com\/#\/schema\/person\/5cf874002647ce98247633bceaf1641d","name":"Maes Honey","image":{"@type":"ImageObject","inLanguage":"en-US","@id":"https:\/\/maeshoney.com\/#\/schema\/person\/image\/","url":"https:\/\/secure.gravatar.com\/avatar\/93b9711a2ec5c6e5eac330335a9276e015de93f7e8de8011ed0a8793f9d0226c?s=96&d=mm&r=g","contentUrl":"https:\/\/secure.gravatar.com\/avatar\/93b9711a2ec5c6e5eac330335a9276e015de93f7e8de8011ed0a8793f9d0226c?s=96&d=mm&r=g","caption":"Maes Honey"}}]}},"_links":{"self":[{"href":"https:\/\/maeshoney.com\/en\/wp-json\/wp\/v2\/posts\/11465","targetHints":{"allow":["GET"]}}],"collection":[{"href":"https:\/\/maeshoney.com\/en\/wp-json\/wp\/v2\/posts"}],"about":[{"href":"https:\/\/maeshoney.com\/en\/wp-json\/wp\/v2\/types\/post"}],"author":[{"embeddable":true,"href":"https:\/\/maeshoney.com\/en\/wp-json\/wp\/v2\/users\/20"}],"replies":[{"embeddable":true,"href":"https:\/\/maeshoney.com\/en\/wp-json\/wp\/v2\/comments?post=11465"}],"version-history":[{"count":0,"href":"https:\/\/maeshoney.com\/en\/wp-json\/wp\/v2\/posts\/11465\/revisions"}],"wp:featuredmedia":[{"embeddable":true,"href":"https:\/\/maeshoney.com\/en\/wp-json\/wp\/v2\/media\/11460"}],"wp:attachment":[{"href":"https:\/\/maeshoney.com\/en\/wp-json\/wp\/v2\/media?parent=11465"}],"wp:term":[{"taxonomy":"category","embeddable":true,"href":"https:\/\/maeshoney.com\/en\/wp-json\/wp\/v2\/categories?post=11465"},{"taxonomy":"post_tag","embeddable":true,"href":"https:\/\/maeshoney.com\/en\/wp-json\/wp\/v2\/tags?post=11465"}],"curies":[{"name":"wp","href":"https:\/\/api.w.org\/{rel}","templated":true}]}}